{"id":1826,"date":"2025-03-04T10:57:40","date_gmt":"2025-03-04T10:57:40","guid":{"rendered":"https:\/\/www.mareldarkitektur.se\/?post_type=news&#038;p=1826"},"modified":"2025-03-04T10:57:40","modified_gmt":"2025-03-04T10:57:40","slug":"var-tid-uppmanar-till-reflektion","status":"publish","type":"news","link":"https:\/\/www.mareldarkitektur.se\/sv\/news\/var-tid-uppmanar-till-reflektion\/","title":{"rendered":"V\u00e5r tid uppmanar till reflektion"},"content":{"rendered":"<img loading=\"lazy\" decoding=\"async\" src=\"https:\/\/www.mareldarkitektur.se\/wp-content\/uploads\/2025\/03\/Moa-scaled.jpg\" alt=\"Moa\" itemprop=\"image\" height=\"1489\" width=\"2560\" title=\"Moa\" onerror=\"this.style.display='none'\"  \/>\n\t\t\t\t<img decoding=\"async\" src=\"https:\/\/www.mareldarkitektur.se\/wp-content\/plugins\/bb-plugin\/img\/pixel.png\" alt=\"\" itemprop=\"image\" onerror=\"this.style.display='none'\"  \/>\n\t<p>Marelds h\u00e5llbarhetsansvariga Moa H Broman har skrivit en l\u00e4sv\u00e4rd text f\u00f6r Movium om v\u00e5r tids f\u00f6rh\u00e5llande till landskap och resurssl\u00f6seri.<\/p>\n<p>L\u00e4s den h\u00e4r: <a href=\"https:\/\/movium.slu.se\/nyheter\/vaar-tid-uppmanar-till-reflexion\/\">V\u00e5r tid uppmanar till reflexion &#8211; Movium<\/a><\/p>\nCitat fr\u00e5n texten:<br \/>\n<em>&#8220;Det \u00e4r viktigt att f\u00f6rst\u00e5 att gestalta resurssn\u00e5lt och minimalistiskt inte beh\u00f6ver betyda att avst\u00e5 fr\u00e5n stark formgivning. Tv\u00e4rtom! Att utg\u00e5 fr\u00e5n platsens unika f\u00f6ruts\u00e4ttningar och arbeta cirkul\u00e4rt \u00f6ppnar f\u00f6r kreativa och l\u00e5ngsiktiga l\u00f6sningar. I grunden handlar v\u00e5r \u00f6verlevnad om att minska m\u00e4nniskans fotavtryck och s\u00e4kerst\u00e4lla att resurser anv\u00e4nds om och om igen, med landskapet som v\u00e5r fr\u00e4msta tillg\u00e5ng.&#8221;<\/em>","protected":false},"excerpt":{"rendered":"<p>Marelds h\u00e5llbarhetsansvariga Moa H Broman har skrivit en l\u00e4sv\u00e4rd text f\u00f6r Movium om v\u00e5r tids f\u00f6rh\u00e5llande till landskap och resurssl\u00f6seri.<\/p>","protected":false},"template":"","categories":[],"class_list":["post-1826","news","type-news","status-publish","hentry"],"acf":[],"yoast_head":"<!-- This site is optimized with the Yoast SEO plugin v27.5 - https:\/\/yoast.com\/product\/yoast-seo-wordpress\/ -->\n<title>V\u00e5r tid uppmanar till reflektion - Mareldarkitektur<\/title>\n<meta name=\"robots\" content=\"index, follow, max-snippet:-1, max-image-preview:large, max-video-preview:-1\" \/>\n<link rel=\"canonical\" href=\"https:\/\/www.mareldarkitektur.se\/sv\/nyheter\/var-tid-uppmanar-till-reflektion\/\" \/>\n<meta property=\"og:locale\" content=\"sv_SE\" \/>\n<meta property=\"og:type\" content=\"article\" \/>\n<meta property=\"og:title\" content=\"V\u00e5r tid uppmanar till reflektion - Mareldarkitektur\" \/>\n<meta property=\"og:description\" content=\"Marelds h\u00e5llbarhetsansvariga Moa H Broman har skrivit en l\u00e4sv\u00e4rd text f\u00f6r Movium om v\u00e5r tids f\u00f6rh\u00e5llande till landskap och resurssl\u00f6seri.\" \/>\n<meta property=\"og:url\" content=\"https:\/\/www.mareldarkitektur.se\/sv\/nyheter\/var-tid-uppmanar-till-reflektion\/\" \/>\n<meta property=\"og:site_name\" content=\"Mareldarkitektur\" \/>\n<meta property=\"og:image\" content=\"https:\/\/www.mareldarkitektur.se\/wp-content\/uploads\/2025\/03\/Moa-scaled.jpg\" \/>\n<meta name=\"twitter:card\" content=\"summary_large_image\" \/>\n<meta name=\"twitter:label1\" content=\"Ber\u00e4knad l\u00e4stid\" \/>\n\t<meta name=\"twitter:data1\" content=\"1 minut\" \/>\n<script type=\"application\/ld+json\" class=\"yoast-schema-graph\">{\"@context\":\"https:\\\/\\\/schema.org\",\"@graph\":[{\"@type\":\"WebPage\",\"@id\":\"https:\\\/\\\/www.mareldarkitektur.se\\\/news\\\/var-tid-uppmanar-till-reflektion\\\/\",\"url\":\"https:\\\/\\\/www.mareldarkitektur.se\\\/news\\\/var-tid-uppmanar-till-reflektion\\\/\",\"name\":\"V\u00e5r tid uppmanar till reflektion - Mareldarkitektur\",\"isPartOf\":{\"@id\":\"https:\\\/\\\/www.mareldarkitektur.se\\\/#website\"},\"primaryImageOfPage\":{\"@id\":\"https:\\\/\\\/www.mareldarkitektur.se\\\/news\\\/var-tid-uppmanar-till-reflektion\\\/#primaryimage\"},\"image\":{\"@id\":\"https:\\\/\\\/www.mareldarkitektur.se\\\/news\\\/var-tid-uppmanar-till-reflektion\\\/#primaryimage\"},\"thumbnailUrl\":\"https:\\\/\\\/www.mareldarkitektur.se\\\/wp-content\\\/uploads\\\/2025\\\/03\\\/Moa-scaled.jpg\",\"datePublished\":\"2025-03-04T10:57:40+00:00\",\"breadcrumb\":{\"@id\":\"https:\\\/\\\/www.mareldarkitektur.se\\\/news\\\/var-tid-uppmanar-till-reflektion\\\/#breadcrumb\"},\"inLanguage\":\"sv-SE\",\"potentialAction\":[{\"@type\":\"ReadAction\",\"target\":[\"https:\\\/\\\/www.mareldarkitektur.se\\\/news\\\/var-tid-uppmanar-till-reflektion\\\/\"]}]},{\"@type\":\"ImageObject\",\"inLanguage\":\"sv-SE\",\"@id\":\"https:\\\/\\\/www.mareldarkitektur.se\\\/news\\\/var-tid-uppmanar-till-reflektion\\\/#primaryimage\",\"url\":\"https:\\\/\\\/www.mareldarkitektur.se\\\/wp-content\\\/uploads\\\/2025\\\/03\\\/Moa-scaled.jpg\",\"contentUrl\":\"https:\\\/\\\/www.mareldarkitektur.se\\\/wp-content\\\/uploads\\\/2025\\\/03\\\/Moa-scaled.jpg\"},{\"@type\":\"BreadcrumbList\",\"@id\":\"https:\\\/\\\/www.mareldarkitektur.se\\\/news\\\/var-tid-uppmanar-till-reflektion\\\/#breadcrumb\",\"itemListElement\":[{\"@type\":\"ListItem\",\"position\":1,\"name\":\"Home\",\"item\":\"https:\\\/\\\/www.mareldarkitektur.se\\\/\"},{\"@type\":\"ListItem\",\"position\":2,\"name\":\"News\",\"item\":\"https:\\\/\\\/www.mareldarkitektur.se\\\/news\\\/\"},{\"@type\":\"ListItem\",\"position\":3,\"name\":\"V\u00e5r tid uppmanar till reflektion\"}]},{\"@type\":\"WebSite\",\"@id\":\"https:\\\/\\\/www.mareldarkitektur.se\\\/#website\",\"url\":\"https:\\\/\\\/www.mareldarkitektur.se\\\/\",\"name\":\"Mareldarkitektur\",\"description\":\"We work with projects on various scales, in several countries - but always with the same passion and dedication. Here is a selection of the ones that we are the most proud of.\",\"potentialAction\":[{\"@type\":\"SearchAction\",\"target\":{\"@type\":\"EntryPoint\",\"urlTemplate\":\"https:\\\/\\\/www.mareldarkitektur.se\\\/?s={search_term_string}\"},\"query-input\":{\"@type\":\"PropertyValueSpecification\",\"valueRequired\":true,\"valueName\":\"search_term_string\"}}],\"inLanguage\":\"sv-SE\"}]}<\/script>\n<!-- \/ Yoast SEO plugin. -->","yoast_head_json":{"title":"V\u00e5r tid uppmanar till reflektion - Mareldarkitektur","robots":{"index":"index","follow":"follow","max-snippet":"max-snippet:-1","max-image-preview":"max-image-preview:large","max-video-preview":"max-video-preview:-1"},"canonical":"https:\/\/www.mareldarkitektur.se\/sv\/nyheter\/var-tid-uppmanar-till-reflektion\/","og_locale":"sv_SE","og_type":"article","og_title":"V\u00e5r tid uppmanar till reflektion - Mareldarkitektur","og_description":"Marelds h\u00e5llbarhetsansvariga Moa H Broman har skrivit en l\u00e4sv\u00e4rd text f\u00f6r Movium om v\u00e5r tids f\u00f6rh\u00e5llande till landskap och resurssl\u00f6seri.","og_url":"https:\/\/www.mareldarkitektur.se\/sv\/nyheter\/var-tid-uppmanar-till-reflektion\/","og_site_name":"Mareldarkitektur","og_image":[{"url":"https:\/\/www.mareldarkitektur.se\/wp-content\/uploads\/2025\/03\/Moa-scaled.jpg","type":"","width":"","height":""}],"twitter_card":"summary_large_image","twitter_misc":{"Ber\u00e4knad l\u00e4stid":"1 minut"},"schema":{"@context":"https:\/\/schema.org","@graph":[{"@type":"WebPage","@id":"https:\/\/www.mareldarkitektur.se\/news\/var-tid-uppmanar-till-reflektion\/","url":"https:\/\/www.mareldarkitektur.se\/news\/var-tid-uppmanar-till-reflektion\/","name":"V\u00e5r tid uppmanar till reflektion - Mareldarkitektur","isPartOf":{"@id":"https:\/\/www.mareldarkitektur.se\/#website"},"primaryImageOfPage":{"@id":"https:\/\/www.mareldarkitektur.se\/news\/var-tid-uppmanar-till-reflektion\/#primaryimage"},"image":{"@id":"https:\/\/www.mareldarkitektur.se\/news\/var-tid-uppmanar-till-reflektion\/#primaryimage"},"thumbnailUrl":"https:\/\/www.mareldarkitektur.se\/wp-content\/uploads\/2025\/03\/Moa-scaled.jpg","datePublished":"2025-03-04T10:57:40+00:00","breadcrumb":{"@id":"https:\/\/www.mareldarkitektur.se\/news\/var-tid-uppmanar-till-reflektion\/#breadcrumb"},"inLanguage":"sv-SE","potentialAction":[{"@type":"ReadAction","target":["https:\/\/www.mareldarkitektur.se\/news\/var-tid-uppmanar-till-reflektion\/"]}]},{"@type":"ImageObject","inLanguage":"sv-SE","@id":"https:\/\/www.mareldarkitektur.se\/news\/var-tid-uppmanar-till-reflektion\/#primaryimage","url":"https:\/\/www.mareldarkitektur.se\/wp-content\/uploads\/2025\/03\/Moa-scaled.jpg","contentUrl":"https:\/\/www.mareldarkitektur.se\/wp-content\/uploads\/2025\/03\/Moa-scaled.jpg"},{"@type":"BreadcrumbList","@id":"https:\/\/www.mareldarkitektur.se\/news\/var-tid-uppmanar-till-reflektion\/#breadcrumb","itemListElement":[{"@type":"ListItem","position":1,"name":"Home","item":"https:\/\/www.mareldarkitektur.se\/"},{"@type":"ListItem","position":2,"name":"News","item":"https:\/\/www.mareldarkitektur.se\/news\/"},{"@type":"ListItem","position":3,"name":"V\u00e5r tid uppmanar till reflektion"}]},{"@type":"WebSite","@id":"https:\/\/www.mareldarkitektur.se\/#website","url":"https:\/\/www.mareldarkitektur.se\/","name":"Mareldarkitektur","description":"Vi arbetar med projekt i olika skalor, i flera l\u00e4nder - men alltid med samma passion och engagemang. H\u00e4r \u00e4r ett urval av dem som vi \u00e4r mest stolta \u00f6ver.","potentialAction":[{"@type":"SearchAction","target":{"@type":"EntryPoint","urlTemplate":"https:\/\/www.mareldarkitektur.se\/?s={search_term_string}"},"query-input":{"@type":"PropertyValueSpecification","valueRequired":true,"valueName":"search_term_string"}}],"inLanguage":"sv-SE"}]}},"_links":{"self":[{"href":"https:\/\/www.mareldarkitektur.se\/sv\/wp-json\/wp\/v2\/news\/1826","targetHints":{"allow":["GET"]}}],"collection":[{"href":"https:\/\/www.mareldarkitektur.se\/sv\/wp-json\/wp\/v2\/news"}],"about":[{"href":"https:\/\/www.mareldarkitektur.se\/sv\/wp-json\/wp\/v2\/types\/news"}],"wp:attachment":[{"href":"https:\/\/www.mareldarkitektur.se\/sv\/wp-json\/wp\/v2\/media?parent=1826"}],"wp:term":[{"taxonomy":"category","embeddable":true,"href":"https:\/\/www.mareldarkitektur.se\/sv\/wp-json\/wp\/v2\/categories?post=1826"}],"curies":[{"name":"wp","href":"https:\/\/api.w.org\/{rel}","templated":true}]}}