{"id":175,"date":"2023-08-18T11:44:35","date_gmt":"2023-08-18T11:44:35","guid":{"rendered":"https:\/\/www.mareldarkitektur.se\/?post_type=news&#038;p=175"},"modified":"2023-10-12T14:26:48","modified_gmt":"2023-10-12T14:26:48","slug":"mareld-arrangor-pa-frihamnsdagarna-2023-cirkular-stadsbygnad","status":"publish","type":"news","link":"https:\/\/www.mareldarkitektur.se\/sv\/news\/mareld-arrangor-pa-frihamnsdagarna-2023-cirkular-stadsbygnad\/","title":{"rendered":"Frihamnsdagarna 2023 - Cirkul\u00e4r Stadsbygnad"},"content":{"rendered":"<p>MARELD \u00e4r en av alla arrang\u00f6rer p\u00e5 Fihamnsdagarna 2023<\/p>\n<p>Kom och lyssna p\u00e5 v\u00e5r paneldebatt och prata h\u00e5llbar stadsbyggnad i v\u00e5rt t\u00e4lt.<br \/>\nTa del av exklusiv guidning i intilliggande Jubileumsparken.<span id=\"more-8854\"><\/span><\/p>\n<p>Vi st\u00e5r inf\u00f6r en enorm gemensam utmaning - Klimatomst\u00e4llningen!<\/p>\n<p>G\u00f6teborg, Stockholm, Malm\u00f6 och Bor\u00e5s \u00e4r n\u00e5gra av de 23 st\u00e4der som skrivit kontrakt f\u00f6r att leda omst\u00e4llningen till klimatneutrala st\u00e4der \u00e5r 2030.<\/p>\n<ul>\n<li>Hur bygger vi den cirkul\u00e4ra staden?<\/li>\n<li>Vad kr\u00e4vs f\u00f6r att vi ska klara m\u00e5len inom utsatt tid?<\/li>\n<li>Hur kan vi samverka f\u00f6r att hitta innovativa l\u00f6sningar, h\u00e5llbara metoder och nya tankes\u00e4tt som leder oss fram\u00e5t tillr\u00e4ckligt snabbt?<\/li>\n<\/ul>\n<p><a href=\"https:\/\/frihamnsdagarna.se\/program\/cirkular-stadsbyggnad\/\">https:\/\/frihamnsdagarna.se\/program\/cirkular-stadsbyggnad\/<\/a><\/p>","protected":false},"excerpt":{"rendered":"<p>Kom och lyssna p\u00e5 v\u00e5r paneldebatt och prata h\u00e5llbar stadsbyggnad i v\u00e5rt t\u00e4lt.<\/p>","protected":false},"template":"","categories":[26],"class_list":["post-175","news","type-news","status-publish","hentry","category-event"],"acf":[],"yoast_head":"<!-- This site is optimized with the Yoast SEO plugin v27.5 - https:\/\/yoast.com\/product\/yoast-seo-wordpress\/ -->\n<title>Frihamnsdagarna 2023 - Cirkul\u00e4r Stadsbygnad - Mareldarkitektur<\/title>\n<meta name=\"robots\" content=\"index, follow, max-snippet:-1, max-image-preview:large, max-video-preview:-1\" \/>\n<link rel=\"canonical\" href=\"https:\/\/www.mareldarkitektur.se\/sv\/nyheter\/mareld-arrangor-pa-frihamnsdagarna-2023-cirkular-stadsbygnad\/\" \/>\n<meta property=\"og:locale\" content=\"sv_SE\" \/>\n<meta property=\"og:type\" content=\"article\" \/>\n<meta property=\"og:title\" content=\"Frihamnsdagarna 2023 - Cirkul\u00e4r Stadsbygnad - Mareldarkitektur\" \/>\n<meta property=\"og:description\" content=\"Kom och lyssna p\u00e5 v\u00e5r paneldebatt och prata h\u00e5llbar stadsbyggnad i v\u00e5rt t\u00e4lt.\" \/>\n<meta property=\"og:url\" content=\"https:\/\/www.mareldarkitektur.se\/sv\/nyheter\/mareld-arrangor-pa-frihamnsdagarna-2023-cirkular-stadsbygnad\/\" \/>\n<meta property=\"og:site_name\" content=\"Mareldarkitektur\" \/>\n<meta property=\"article:modified_time\" content=\"2023-10-12T14:26:48+00:00\" \/>\n<meta name=\"twitter:card\" content=\"summary_large_image\" \/>\n<meta name=\"twitter:label1\" content=\"Ber\u00e4knad l\u00e4stid\" \/>\n\t<meta name=\"twitter:data1\" content=\"1 minut\" \/>\n<script type=\"application\/ld+json\" class=\"yoast-schema-graph\">{\"@context\":\"https:\\\/\\\/schema.org\",\"@graph\":[{\"@type\":\"WebPage\",\"@id\":\"https:\\\/\\\/www.mareldarkitektur.se\\\/news\\\/mareld-arrangor-pa-frihamnsdagarna-2023-cirkular-stadsbygnad\\\/\",\"url\":\"https:\\\/\\\/www.mareldarkitektur.se\\\/news\\\/mareld-arrangor-pa-frihamnsdagarna-2023-cirkular-stadsbygnad\\\/\",\"name\":\"Frihamnsdagarna 2023 - Cirkul\u00e4r Stadsbygnad - Mareldarkitektur\",\"isPartOf\":{\"@id\":\"https:\\\/\\\/www.mareldarkitektur.se\\\/#website\"},\"datePublished\":\"2023-08-18T11:44:35+00:00\",\"dateModified\":\"2023-10-12T14:26:48+00:00\",\"breadcrumb\":{\"@id\":\"https:\\\/\\\/www.mareldarkitektur.se\\\/news\\\/mareld-arrangor-pa-frihamnsdagarna-2023-cirkular-stadsbygnad\\\/#breadcrumb\"},\"inLanguage\":\"sv-SE\",\"potentialAction\":[{\"@type\":\"ReadAction\",\"target\":[\"https:\\\/\\\/www.mareldarkitektur.se\\\/news\\\/mareld-arrangor-pa-frihamnsdagarna-2023-cirkular-stadsbygnad\\\/\"]}]},{\"@type\":\"BreadcrumbList\",\"@id\":\"https:\\\/\\\/www.mareldarkitektur.se\\\/news\\\/mareld-arrangor-pa-frihamnsdagarna-2023-cirkular-stadsbygnad\\\/#breadcrumb\",\"itemListElement\":[{\"@type\":\"ListItem\",\"position\":1,\"name\":\"Home\",\"item\":\"https:\\\/\\\/www.mareldarkitektur.se\\\/\"},{\"@type\":\"ListItem\",\"position\":2,\"name\":\"News\",\"item\":\"https:\\\/\\\/www.mareldarkitektur.se\\\/news\\\/\"},{\"@type\":\"ListItem\",\"position\":3,\"name\":\"Frihamnsdagarna 2023 &#8211; Cirkul\u00e4r Stadsbygnad\"}]},{\"@type\":\"WebSite\",\"@id\":\"https:\\\/\\\/www.mareldarkitektur.se\\\/#website\",\"url\":\"https:\\\/\\\/www.mareldarkitektur.se\\\/\",\"name\":\"Mareldarkitektur\",\"description\":\"We work with projects on various scales, in several countries - but always with the same passion and dedication. Here is a selection of the ones that we are the most proud of.\",\"potentialAction\":[{\"@type\":\"SearchAction\",\"target\":{\"@type\":\"EntryPoint\",\"urlTemplate\":\"https:\\\/\\\/www.mareldarkitektur.se\\\/?s={search_term_string}\"},\"query-input\":{\"@type\":\"PropertyValueSpecification\",\"valueRequired\":true,\"valueName\":\"search_term_string\"}}],\"inLanguage\":\"sv-SE\"}]}<\/script>\n<!-- \/ Yoast SEO plugin. -->","yoast_head_json":{"title":"Frihamnsdagarna 2023 - Cirkul\u00e4r Stadsbygnad - Mareldarkitektur","robots":{"index":"index","follow":"follow","max-snippet":"max-snippet:-1","max-image-preview":"max-image-preview:large","max-video-preview":"max-video-preview:-1"},"canonical":"https:\/\/www.mareldarkitektur.se\/sv\/nyheter\/mareld-arrangor-pa-frihamnsdagarna-2023-cirkular-stadsbygnad\/","og_locale":"sv_SE","og_type":"article","og_title":"Frihamnsdagarna 2023 - Cirkul\u00e4r Stadsbygnad - Mareldarkitektur","og_description":"Kom och lyssna p\u00e5 v\u00e5r paneldebatt och prata h\u00e5llbar stadsbyggnad i v\u00e5rt t\u00e4lt.","og_url":"https:\/\/www.mareldarkitektur.se\/sv\/nyheter\/mareld-arrangor-pa-frihamnsdagarna-2023-cirkular-stadsbygnad\/","og_site_name":"Mareldarkitektur","article_modified_time":"2023-10-12T14:26:48+00:00","twitter_card":"summary_large_image","twitter_misc":{"Ber\u00e4knad l\u00e4stid":"1 minut"},"schema":{"@context":"https:\/\/schema.org","@graph":[{"@type":"WebPage","@id":"https:\/\/www.mareldarkitektur.se\/news\/mareld-arrangor-pa-frihamnsdagarna-2023-cirkular-stadsbygnad\/","url":"https:\/\/www.mareldarkitektur.se\/news\/mareld-arrangor-pa-frihamnsdagarna-2023-cirkular-stadsbygnad\/","name":"Frihamnsdagarna 2023 - Cirkul\u00e4r Stadsbygnad - Mareldarkitektur","isPartOf":{"@id":"https:\/\/www.mareldarkitektur.se\/#website"},"datePublished":"2023-08-18T11:44:35+00:00","dateModified":"2023-10-12T14:26:48+00:00","breadcrumb":{"@id":"https:\/\/www.mareldarkitektur.se\/news\/mareld-arrangor-pa-frihamnsdagarna-2023-cirkular-stadsbygnad\/#breadcrumb"},"inLanguage":"sv-SE","potentialAction":[{"@type":"ReadAction","target":["https:\/\/www.mareldarkitektur.se\/news\/mareld-arrangor-pa-frihamnsdagarna-2023-cirkular-stadsbygnad\/"]}]},{"@type":"BreadcrumbList","@id":"https:\/\/www.mareldarkitektur.se\/news\/mareld-arrangor-pa-frihamnsdagarna-2023-cirkular-stadsbygnad\/#breadcrumb","itemListElement":[{"@type":"ListItem","position":1,"name":"Home","item":"https:\/\/www.mareldarkitektur.se\/"},{"@type":"ListItem","position":2,"name":"News","item":"https:\/\/www.mareldarkitektur.se\/news\/"},{"@type":"ListItem","position":3,"name":"Frihamnsdagarna 2023 &#8211; Cirkul\u00e4r Stadsbygnad"}]},{"@type":"WebSite","@id":"https:\/\/www.mareldarkitektur.se\/#website","url":"https:\/\/www.mareldarkitektur.se\/","name":"Mareldarkitektur","description":"Vi arbetar med projekt i olika skalor, i flera l\u00e4nder - men alltid med samma passion och engagemang. H\u00e4r \u00e4r ett urval av dem som vi \u00e4r mest stolta \u00f6ver.","potentialAction":[{"@type":"SearchAction","target":{"@type":"EntryPoint","urlTemplate":"https:\/\/www.mareldarkitektur.se\/?s={search_term_string}"},"query-input":{"@type":"PropertyValueSpecification","valueRequired":true,"valueName":"search_term_string"}}],"inLanguage":"sv-SE"}]}},"_links":{"self":[{"href":"https:\/\/www.mareldarkitektur.se\/sv\/wp-json\/wp\/v2\/news\/175","targetHints":{"allow":["GET"]}}],"collection":[{"href":"https:\/\/www.mareldarkitektur.se\/sv\/wp-json\/wp\/v2\/news"}],"about":[{"href":"https:\/\/www.mareldarkitektur.se\/sv\/wp-json\/wp\/v2\/types\/news"}],"wp:attachment":[{"href":"https:\/\/www.mareldarkitektur.se\/sv\/wp-json\/wp\/v2\/media?parent=175"}],"wp:term":[{"taxonomy":"category","embeddable":true,"href":"https:\/\/www.mareldarkitektur.se\/sv\/wp-json\/wp\/v2\/categories?post=175"}],"curies":[{"name":"wp","href":"https:\/\/api.w.org\/{rel}","templated":true}]}}