{"id":1723,"date":"2024-11-25T07:57:27","date_gmt":"2024-11-25T07:57:27","guid":{"rendered":"https:\/\/www.mareldarkitektur.se\/?post_type=news&#038;p=1723"},"modified":"2024-11-25T07:57:27","modified_gmt":"2024-11-25T07:57:27","slug":"visioner-i-norr-2","status":"publish","type":"news","link":"https:\/\/www.mareldarkitektur.se\/sv\/news\/visions-in-the-north\/","title":{"rendered":"Visioner i norr"},"content":{"rendered":"<img loading=\"lazy\" decoding=\"async\" src=\"https:\/\/www.mareldarkitektur.se\/wp-content\/uploads\/2024\/11\/Vy-Vassara-alv-och-Dundret-Foto-Kent-Wingusnd-scaled.jpg\" alt=\"Foto: Kent Wingsund\/ G\u00e4llivare kommun\" itemprop=\"image\" height=\"1707\" width=\"2560\" title=\"Vy Vassara \u00e4lv och Dundret - Foto Kent Wingusnd\" onerror=\"this.style.display='none'\"  \/>\n\t\tFoto: Kent Wingsund\/ G\u00e4llivare kommun\n\t<p>Arbetet med projektet Visioner i norr steg 2 (Visioner in the North step 2) forts\u00e4tter. Som ett resultat av den gr\u00f6na omst\u00e4llningen kommer landskapen i och runt G\u00e4llivare att f\u00f6r\u00e4ndras ytterligare. Kollisionen mellan olika intressen som ekosystem, kulturarv, industrier, rekreation och demografi g\u00f6r G\u00e4llivare till ett komplext men n\u00f6dv\u00e4ndigt fall.<\/p>\n<p>F\u00f6r n\u00e5gra veckor sedan h\u00f6ll vi en workshop med lokala gymnasieelever med fokus p\u00e5 deras preferenser och syn p\u00e5 G\u00e4llivare.<\/p>\n<p>L\u00e4s mer p\u00e5: <a href=\"https:\/\/arkdes.se\/nyheter\/nu-presenteras-teamens-arbete-i-visioner-i-norr-steg-2\/\">Nu presenteras teamens arbete i Visioner i Norr steg 2! &#8211; ArkDes<\/a>.<\/p>","protected":false},"excerpt":{"rendered":"<p>F\u00f6r n\u00e5gra veckor sedan h\u00f6ll vi en workshop med lokala gymnasieelever med fokus p\u00e5 deras preferenser och \u00e5sikter om G\u00e4llivare<\/p>","protected":false},"template":"","categories":[],"class_list":["post-1723","news","type-news","status-publish","hentry"],"acf":[],"yoast_head":"<!-- This site is optimized with the Yoast SEO plugin v27.5 - https:\/\/yoast.com\/product\/yoast-seo-wordpress\/ -->\n<title>Visions in the north - Mareldarkitektur<\/title>\n<meta name=\"robots\" content=\"index, follow, max-snippet:-1, max-image-preview:large, max-video-preview:-1\" \/>\n<link rel=\"canonical\" href=\"https:\/\/www.mareldarkitektur.se\/sv\/nyheter\/visioner-i-norr-2\/\" \/>\n<meta property=\"og:locale\" content=\"sv_SE\" \/>\n<meta property=\"og:type\" content=\"article\" \/>\n<meta property=\"og:title\" content=\"Visions in the north - Mareldarkitektur\" \/>\n<meta property=\"og:description\" content=\"A few weeks ago, we held a workshop with local high school students focusing on their preferences and views on G\u00e4llivare\" \/>\n<meta property=\"og:url\" content=\"https:\/\/www.mareldarkitektur.se\/sv\/nyheter\/visioner-i-norr-2\/\" \/>\n<meta property=\"og:site_name\" content=\"Mareldarkitektur\" \/>\n<meta property=\"og:image\" content=\"https:\/\/www.mareldarkitektur.se\/wp-content\/uploads\/2024\/11\/Vy-Vassara-alv-och-Dundret-Foto-Kent-Wingusnd-scaled.jpg\" \/>\n<meta name=\"twitter:card\" content=\"summary_large_image\" \/>\n<script type=\"application\/ld+json\" class=\"yoast-schema-graph\">{\"@context\":\"https:\\\/\\\/schema.org\",\"@graph\":[{\"@type\":\"WebPage\",\"@id\":\"https:\\\/\\\/www.mareldarkitektur.se\\\/news\\\/visions-in-the-north\\\/\",\"url\":\"https:\\\/\\\/www.mareldarkitektur.se\\\/news\\\/visions-in-the-north\\\/\",\"name\":\"Visions in the north - Mareldarkitektur\",\"isPartOf\":{\"@id\":\"https:\\\/\\\/www.mareldarkitektur.se\\\/#website\"},\"primaryImageOfPage\":{\"@id\":\"https:\\\/\\\/www.mareldarkitektur.se\\\/news\\\/visions-in-the-north\\\/#primaryimage\"},\"image\":{\"@id\":\"https:\\\/\\\/www.mareldarkitektur.se\\\/news\\\/visions-in-the-north\\\/#primaryimage\"},\"thumbnailUrl\":\"https:\\\/\\\/www.mareldarkitektur.se\\\/wp-content\\\/uploads\\\/2024\\\/11\\\/Vy-Vassara-alv-och-Dundret-Foto-Kent-Wingusnd-scaled.jpg\",\"datePublished\":\"2024-11-25T07:57:27+00:00\",\"breadcrumb\":{\"@id\":\"https:\\\/\\\/www.mareldarkitektur.se\\\/news\\\/visions-in-the-north\\\/#breadcrumb\"},\"inLanguage\":\"sv-SE\",\"potentialAction\":[{\"@type\":\"ReadAction\",\"target\":[\"https:\\\/\\\/www.mareldarkitektur.se\\\/news\\\/visions-in-the-north\\\/\"]}]},{\"@type\":\"ImageObject\",\"inLanguage\":\"sv-SE\",\"@id\":\"https:\\\/\\\/www.mareldarkitektur.se\\\/news\\\/visions-in-the-north\\\/#primaryimage\",\"url\":\"https:\\\/\\\/www.mareldarkitektur.se\\\/wp-content\\\/uploads\\\/2024\\\/11\\\/Vy-Vassara-alv-och-Dundret-Foto-Kent-Wingusnd-scaled.jpg\",\"contentUrl\":\"https:\\\/\\\/www.mareldarkitektur.se\\\/wp-content\\\/uploads\\\/2024\\\/11\\\/Vy-Vassara-alv-och-Dundret-Foto-Kent-Wingusnd-scaled.jpg\"},{\"@type\":\"BreadcrumbList\",\"@id\":\"https:\\\/\\\/www.mareldarkitektur.se\\\/news\\\/visions-in-the-north\\\/#breadcrumb\",\"itemListElement\":[{\"@type\":\"ListItem\",\"position\":1,\"name\":\"Home\",\"item\":\"https:\\\/\\\/www.mareldarkitektur.se\\\/\"},{\"@type\":\"ListItem\",\"position\":2,\"name\":\"News\",\"item\":\"https:\\\/\\\/www.mareldarkitektur.se\\\/news\\\/\"},{\"@type\":\"ListItem\",\"position\":3,\"name\":\"Visions in the north\"}]},{\"@type\":\"WebSite\",\"@id\":\"https:\\\/\\\/www.mareldarkitektur.se\\\/#website\",\"url\":\"https:\\\/\\\/www.mareldarkitektur.se\\\/\",\"name\":\"Mareldarkitektur\",\"description\":\"We work with projects on various scales, in several countries - but always with the same passion and dedication. Here is a selection of the ones that we are the most proud of.\",\"potentialAction\":[{\"@type\":\"SearchAction\",\"target\":{\"@type\":\"EntryPoint\",\"urlTemplate\":\"https:\\\/\\\/www.mareldarkitektur.se\\\/?s={search_term_string}\"},\"query-input\":{\"@type\":\"PropertyValueSpecification\",\"valueRequired\":true,\"valueName\":\"search_term_string\"}}],\"inLanguage\":\"sv-SE\"}]}<\/script>\n<!-- \/ Yoast SEO plugin. -->","yoast_head_json":{"title":"Visioner i norr - Mareldarkitektur","robots":{"index":"index","follow":"follow","max-snippet":"max-snippet:-1","max-image-preview":"max-image-preview:large","max-video-preview":"max-video-preview:-1"},"canonical":"https:\/\/www.mareldarkitektur.se\/sv\/nyheter\/visioner-i-norr-2\/","og_locale":"sv_SE","og_type":"article","og_title":"Visions in the north - Mareldarkitektur","og_description":"A few weeks ago, we held a workshop with local high school students focusing on their preferences and views on G\u00e4llivare","og_url":"https:\/\/www.mareldarkitektur.se\/sv\/nyheter\/visioner-i-norr-2\/","og_site_name":"Mareldarkitektur","og_image":[{"url":"https:\/\/www.mareldarkitektur.se\/wp-content\/uploads\/2024\/11\/Vy-Vassara-alv-och-Dundret-Foto-Kent-Wingusnd-scaled.jpg","type":"","width":"","height":""}],"twitter_card":"summary_large_image","schema":{"@context":"https:\/\/schema.org","@graph":[{"@type":"WebPage","@id":"https:\/\/www.mareldarkitektur.se\/news\/visions-in-the-north\/","url":"https:\/\/www.mareldarkitektur.se\/news\/visions-in-the-north\/","name":"Visioner i norr - Mareldarkitektur","isPartOf":{"@id":"https:\/\/www.mareldarkitektur.se\/#website"},"primaryImageOfPage":{"@id":"https:\/\/www.mareldarkitektur.se\/news\/visions-in-the-north\/#primaryimage"},"image":{"@id":"https:\/\/www.mareldarkitektur.se\/news\/visions-in-the-north\/#primaryimage"},"thumbnailUrl":"https:\/\/www.mareldarkitektur.se\/wp-content\/uploads\/2024\/11\/Vy-Vassara-alv-och-Dundret-Foto-Kent-Wingusnd-scaled.jpg","datePublished":"2024-11-25T07:57:27+00:00","breadcrumb":{"@id":"https:\/\/www.mareldarkitektur.se\/news\/visions-in-the-north\/#breadcrumb"},"inLanguage":"sv-SE","potentialAction":[{"@type":"ReadAction","target":["https:\/\/www.mareldarkitektur.se\/news\/visions-in-the-north\/"]}]},{"@type":"ImageObject","inLanguage":"sv-SE","@id":"https:\/\/www.mareldarkitektur.se\/news\/visions-in-the-north\/#primaryimage","url":"https:\/\/www.mareldarkitektur.se\/wp-content\/uploads\/2024\/11\/Vy-Vassara-alv-och-Dundret-Foto-Kent-Wingusnd-scaled.jpg","contentUrl":"https:\/\/www.mareldarkitektur.se\/wp-content\/uploads\/2024\/11\/Vy-Vassara-alv-och-Dundret-Foto-Kent-Wingusnd-scaled.jpg"},{"@type":"BreadcrumbList","@id":"https:\/\/www.mareldarkitektur.se\/news\/visions-in-the-north\/#breadcrumb","itemListElement":[{"@type":"ListItem","position":1,"name":"Home","item":"https:\/\/www.mareldarkitektur.se\/"},{"@type":"ListItem","position":2,"name":"News","item":"https:\/\/www.mareldarkitektur.se\/news\/"},{"@type":"ListItem","position":3,"name":"Visions in the north"}]},{"@type":"WebSite","@id":"https:\/\/www.mareldarkitektur.se\/#website","url":"https:\/\/www.mareldarkitektur.se\/","name":"Mareldarkitektur","description":"Vi arbetar med projekt i olika skalor, i flera l\u00e4nder - men alltid med samma passion och engagemang. H\u00e4r \u00e4r ett urval av dem som vi \u00e4r mest stolta \u00f6ver.","potentialAction":[{"@type":"SearchAction","target":{"@type":"EntryPoint","urlTemplate":"https:\/\/www.mareldarkitektur.se\/?s={search_term_string}"},"query-input":{"@type":"PropertyValueSpecification","valueRequired":true,"valueName":"search_term_string"}}],"inLanguage":"sv-SE"}]}},"_links":{"self":[{"href":"https:\/\/www.mareldarkitektur.se\/sv\/wp-json\/wp\/v2\/news\/1723","targetHints":{"allow":["GET"]}}],"collection":[{"href":"https:\/\/www.mareldarkitektur.se\/sv\/wp-json\/wp\/v2\/news"}],"about":[{"href":"https:\/\/www.mareldarkitektur.se\/sv\/wp-json\/wp\/v2\/types\/news"}],"wp:attachment":[{"href":"https:\/\/www.mareldarkitektur.se\/sv\/wp-json\/wp\/v2\/media?parent=1723"}],"wp:term":[{"taxonomy":"category","embeddable":true,"href":"https:\/\/www.mareldarkitektur.se\/sv\/wp-json\/wp\/v2\/categories?post=1723"}],"curies":[{"name":"wp","href":"https:\/\/api.w.org\/{rel}","templated":true}]}}