{"id":172,"date":"2023-08-18T11:40:31","date_gmt":"2023-08-18T11:40:31","guid":{"rendered":"https:\/\/www.mareldarkitektur.se\/?post_type=news&#038;p=172"},"modified":"2024-01-09T10:15:46","modified_gmt":"2024-01-09T10:15:46","slug":"cirkulart-stadsbyggande-panelsamtal-frihamnsdagarna-31-aug-1100","status":"publish","type":"news","link":"https:\/\/www.mareldarkitektur.se\/sv\/news\/cirkular-stadsbyggnad-panelsamtal-frihamnsdagarna-t-31-8-1100\/","title":{"rendered":"Panelsamtal Frihamnsdagarna 31\/8 11:00"},"content":{"rendered":"<p>Vi st\u00e5r inf\u00f6r en enorm utmaning - Klimatomst\u00e4llningen!<br \/>\nByggnads- och fastighetssektorn kan g\u00f6ra stor skillnad d\u00e5 sektorn idag st\u00e5r f\u00f6r ca 20% (enligt uppgifter fr\u00e5n 2020) av de totala CO2-utsl\u00e4ppen. Uppv\u00e4rmning av Sveriges byggnadsbest\u00e5nd st\u00e5r f\u00f6r ca 40 % av energi\u00e5tg\u00e5ngen.<\/p>\n<p>Vi f\u00f6rv\u00e4ntar oss allt mer extremt v\u00e4der med v\u00e4rmeb\u00f6ljor och torka och\/eller extrema skyfall. Vi har nyligen upplevt en pandemi som st\u00e4llde helt nya krav p\u00e5 v\u00e5ra boendemilj\u00f6er i st\u00e4der och samh\u00e4llen. Vi bygger allt t\u00e4tare och h\u00f6gre och har l\u00e4nge sett detta som ett svar p\u00e5 den h\u00e5llbara staden. \u00c4r det s\u00e5, eller b\u00f6r vi t\u00e4nka om?<\/p>\n<p>G\u00f6teborgs stad \u00e4r en av nio st\u00e4der som ing\u00e5r i den nationella satsningen p\u00e5 att leda omst\u00e4llningen till klimatneutrala st\u00e4der \u00e5r 2030.<\/p>\n<p>Hur bygger vi den cirkul\u00e4ra staden?<br \/>\nVad kr\u00e4vs f\u00f6r att vi ska klara m\u00e5len inom utsatt tid?<br \/>\nHur kan vi samverka f\u00f6r att hitta innovativa l\u00f6sningar, h\u00e5llbara metoder och nya tankes\u00e4tt som leder oss fram\u00e5t tillr\u00e4ckligt snabbt?<br \/>\nProgram<\/p>\n<p>Torsdag (31-08)<br \/>\n11.00-11.10 MARELD introduktion<br \/>\n11.10-11.40 Panelsamtal<\/p>","protected":false},"excerpt":{"rendered":"<p>Vi st\u00e5r inf\u00f6r en enorm utmaning - Klimatomst\u00e4llningen!<br \/>\nBygg- och fastighetsbranschen kan g\u00f6ra stor skillnad d\u00e5 branschen idag st\u00e5r f\u00f6r ca 20 % (uppg. 2020) av de interna CO2-utsl\u00e4ppen.<\/p>","protected":false},"template":"","categories":[],"class_list":["post-172","news","type-news","status-publish","hentry"],"acf":[],"yoast_head":"<!-- This site is optimized with the Yoast SEO plugin v27.5 - https:\/\/yoast.com\/product\/yoast-seo-wordpress\/ -->\n<title>Panelsamtal Frihamnsdagarna 31\/8 11:00 - Mareldarkitektur<\/title>\n<meta name=\"robots\" content=\"index, follow, max-snippet:-1, max-image-preview:large, max-video-preview:-1\" \/>\n<link rel=\"canonical\" href=\"https:\/\/www.mareldarkitektur.se\/sv\/nyheter\/cirkulart-stadsbyggande-panelsamtal-frihamnsdagarna-31-aug-1100\/\" \/>\n<meta property=\"og:locale\" content=\"sv_SE\" \/>\n<meta property=\"og:type\" content=\"article\" \/>\n<meta property=\"og:title\" content=\"Panelsamtal Frihamnsdagarna 31\/8 11:00 - Mareldarkitektur\" \/>\n<meta property=\"og:description\" content=\"Vi st\u00e5r inf\u00f6r en enorm utmaning \u2013 Klimatomst\u00e4llningen! Bygg- och fastighetsbranschen kan g\u00f6ra stor skillnad d\u00e5 branschen idag st\u00e5r f\u00f6r ca 20 % (uppg. 2020) av de interna CO2- utsl\u00e4ppen.\" \/>\n<meta property=\"og:url\" content=\"https:\/\/www.mareldarkitektur.se\/sv\/nyheter\/cirkulart-stadsbyggande-panelsamtal-frihamnsdagarna-31-aug-1100\/\" \/>\n<meta property=\"og:site_name\" content=\"Mareldarkitektur\" \/>\n<meta property=\"article:modified_time\" content=\"2024-01-09T10:15:46+00:00\" \/>\n<meta name=\"twitter:card\" content=\"summary_large_image\" \/>\n<meta name=\"twitter:label1\" content=\"Ber\u00e4knad l\u00e4stid\" \/>\n\t<meta name=\"twitter:data1\" content=\"1 minut\" \/>\n<script type=\"application\/ld+json\" class=\"yoast-schema-graph\">{\"@context\":\"https:\\\/\\\/schema.org\",\"@graph\":[{\"@type\":\"WebPage\",\"@id\":\"https:\\\/\\\/www.mareldarkitektur.se\\\/news\\\/cirkular-stadsbyggnad-panelsamtal-frihamnsdagarna-t-31-8-1100\\\/\",\"url\":\"https:\\\/\\\/www.mareldarkitektur.se\\\/news\\\/cirkular-stadsbyggnad-panelsamtal-frihamnsdagarna-t-31-8-1100\\\/\",\"name\":\"Panelsamtal Frihamnsdagarna 31\\\/8 11:00 - Mareldarkitektur\",\"isPartOf\":{\"@id\":\"https:\\\/\\\/www.mareldarkitektur.se\\\/#website\"},\"datePublished\":\"2023-08-18T11:40:31+00:00\",\"dateModified\":\"2024-01-09T10:15:46+00:00\",\"breadcrumb\":{\"@id\":\"https:\\\/\\\/www.mareldarkitektur.se\\\/news\\\/cirkular-stadsbyggnad-panelsamtal-frihamnsdagarna-t-31-8-1100\\\/#breadcrumb\"},\"inLanguage\":\"sv-SE\",\"potentialAction\":[{\"@type\":\"ReadAction\",\"target\":[\"https:\\\/\\\/www.mareldarkitektur.se\\\/news\\\/cirkular-stadsbyggnad-panelsamtal-frihamnsdagarna-t-31-8-1100\\\/\"]}]},{\"@type\":\"BreadcrumbList\",\"@id\":\"https:\\\/\\\/www.mareldarkitektur.se\\\/news\\\/cirkular-stadsbyggnad-panelsamtal-frihamnsdagarna-t-31-8-1100\\\/#breadcrumb\",\"itemListElement\":[{\"@type\":\"ListItem\",\"position\":1,\"name\":\"Home\",\"item\":\"https:\\\/\\\/www.mareldarkitektur.se\\\/\"},{\"@type\":\"ListItem\",\"position\":2,\"name\":\"News\",\"item\":\"https:\\\/\\\/www.mareldarkitektur.se\\\/news\\\/\"},{\"@type\":\"ListItem\",\"position\":3,\"name\":\"Panelsamtal Frihamnsdagarna 31\\\/8 11:00\"}]},{\"@type\":\"WebSite\",\"@id\":\"https:\\\/\\\/www.mareldarkitektur.se\\\/#website\",\"url\":\"https:\\\/\\\/www.mareldarkitektur.se\\\/\",\"name\":\"Mareldarkitektur\",\"description\":\"We work with projects on various scales, in several countries - but always with the same passion and dedication. Here is a selection of the ones that we are the most proud of.\",\"potentialAction\":[{\"@type\":\"SearchAction\",\"target\":{\"@type\":\"EntryPoint\",\"urlTemplate\":\"https:\\\/\\\/www.mareldarkitektur.se\\\/?s={search_term_string}\"},\"query-input\":{\"@type\":\"PropertyValueSpecification\",\"valueRequired\":true,\"valueName\":\"search_term_string\"}}],\"inLanguage\":\"sv-SE\"}]}<\/script>\n<!-- \/ Yoast SEO plugin. -->","yoast_head_json":{"title":"Paneldiskussion Frihamnsdagarna 31\/8 11:00 - Mareldarkitektur","robots":{"index":"index","follow":"follow","max-snippet":"max-snippet:-1","max-image-preview":"max-image-preview:large","max-video-preview":"max-video-preview:-1"},"canonical":"https:\/\/www.mareldarkitektur.se\/sv\/nyheter\/cirkulart-stadsbyggande-panelsamtal-frihamnsdagarna-31-aug-1100\/","og_locale":"sv_SE","og_type":"article","og_title":"Panelsamtal Frihamnsdagarna 31\/8 11:00 - Mareldarkitektur","og_description":"Vi st\u00e5r inf\u00f6r en enorm utmaning \u2013 Klimatomst\u00e4llningen! Bygg- och fastighetsbranschen kan g\u00f6ra stor skillnad d\u00e5 branschen idag st\u00e5r f\u00f6r ca 20 % (uppg. 2020) av de interna CO2- utsl\u00e4ppen.","og_url":"https:\/\/www.mareldarkitektur.se\/sv\/nyheter\/cirkulart-stadsbyggande-panelsamtal-frihamnsdagarna-31-aug-1100\/","og_site_name":"Mareldarkitektur","article_modified_time":"2024-01-09T10:15:46+00:00","twitter_card":"summary_large_image","twitter_misc":{"Ber\u00e4knad l\u00e4stid":"1 minut"},"schema":{"@context":"https:\/\/schema.org","@graph":[{"@type":"WebPage","@id":"https:\/\/www.mareldarkitektur.se\/news\/cirkular-stadsbyggnad-panelsamtal-frihamnsdagarna-t-31-8-1100\/","url":"https:\/\/www.mareldarkitektur.se\/news\/cirkular-stadsbyggnad-panelsamtal-frihamnsdagarna-t-31-8-1100\/","name":"Paneldiskussion Frihamnsdagarna 31\/8 11:00 - Mareldarkitektur","isPartOf":{"@id":"https:\/\/www.mareldarkitektur.se\/#website"},"datePublished":"2023-08-18T11:40:31+00:00","dateModified":"2024-01-09T10:15:46+00:00","breadcrumb":{"@id":"https:\/\/www.mareldarkitektur.se\/news\/cirkular-stadsbyggnad-panelsamtal-frihamnsdagarna-t-31-8-1100\/#breadcrumb"},"inLanguage":"sv-SE","potentialAction":[{"@type":"ReadAction","target":["https:\/\/www.mareldarkitektur.se\/news\/cirkular-stadsbyggnad-panelsamtal-frihamnsdagarna-t-31-8-1100\/"]}]},{"@type":"BreadcrumbList","@id":"https:\/\/www.mareldarkitektur.se\/news\/cirkular-stadsbyggnad-panelsamtal-frihamnsdagarna-t-31-8-1100\/#breadcrumb","itemListElement":[{"@type":"ListItem","position":1,"name":"Home","item":"https:\/\/www.mareldarkitektur.se\/"},{"@type":"ListItem","position":2,"name":"News","item":"https:\/\/www.mareldarkitektur.se\/news\/"},{"@type":"ListItem","position":3,"name":"Panelsamtal Frihamnsdagarna 31\/8 11:00"}]},{"@type":"WebSite","@id":"https:\/\/www.mareldarkitektur.se\/#website","url":"https:\/\/www.mareldarkitektur.se\/","name":"Mareldarkitektur","description":"Vi arbetar med projekt i olika skalor, i flera l\u00e4nder - men alltid med samma passion och engagemang. H\u00e4r \u00e4r ett urval av dem som vi \u00e4r mest stolta \u00f6ver.","potentialAction":[{"@type":"SearchAction","target":{"@type":"EntryPoint","urlTemplate":"https:\/\/www.mareldarkitektur.se\/?s={search_term_string}"},"query-input":{"@type":"PropertyValueSpecification","valueRequired":true,"valueName":"search_term_string"}}],"inLanguage":"sv-SE"}]}},"_links":{"self":[{"href":"https:\/\/www.mareldarkitektur.se\/sv\/wp-json\/wp\/v2\/news\/172","targetHints":{"allow":["GET"]}}],"collection":[{"href":"https:\/\/www.mareldarkitektur.se\/sv\/wp-json\/wp\/v2\/news"}],"about":[{"href":"https:\/\/www.mareldarkitektur.se\/sv\/wp-json\/wp\/v2\/types\/news"}],"wp:attachment":[{"href":"https:\/\/www.mareldarkitektur.se\/sv\/wp-json\/wp\/v2\/media?parent=172"}],"wp:term":[{"taxonomy":"category","embeddable":true,"href":"https:\/\/www.mareldarkitektur.se\/sv\/wp-json\/wp\/v2\/categories?post=172"}],"curies":[{"name":"wp","href":"https:\/\/api.w.org\/{rel}","templated":true}]}}