{"id":1717,"date":"2024-11-19T15:02:58","date_gmt":"2024-11-19T15:02:58","guid":{"rendered":"https:\/\/www.mareldarkitektur.se\/?post_type=news&#038;p=1717"},"modified":"2024-11-19T15:04:14","modified_gmt":"2024-11-19T15:04:14","slug":"invigning-bollebygd-barhus","status":"publish","type":"news","link":"https:\/\/www.mareldarkitektur.se\/sv\/news\/invigning-bollebygd-barhus\/","title":{"rendered":"Invigning Bollebygd b\u00e5rhus"},"content":{"rendered":"<p><img loading=\"lazy\" decoding=\"async\" title=\"IMG_3111\" src=\"https:\/\/www.mareldarkitektur.se\/wp-content\/uploads\/2024\/11\/IMG_3111-scaled.jpg\" alt=\"IMG_3111\" width=\"1920\" height=\"2560\" \/><\/p>\r\n<p>P\u00e5 onsdagen den 13:e november invigdes det nya b\u00e5rhuset p\u00e5 Bollebygds kyrkog\u00e5rd. Mareld har p\u00e5 uppdrag av Svenska Kyrkan ritat utemilj\u00f6n kring byggnaden samt en mindre kransg\u00e5rd i anslutning till det gamla b\u00e5rhuset. Utemilj\u00f6n knyter ihop den moderna byggnaden med den klassiska kyrkog\u00e5rdens arkitektur. Gestaltningen tar inspiration fr\u00e5n det befintliga landskapsrummet, d\u00e4r enkla former och gedigna materialval bidrar till ett v\u00e4l sammanh\u00e5llet rum. Platsen kommer s\u00e5 sm\u00e5ningom att ramas in av v\u00e4xtligheten och blir en lugn och trygg milj\u00f6 att ta avsked p\u00e5.<\/p>\r\n<p>B\u00e5rhuset \u00e4r ritat av <a href=\"https:\/\/www.abako.se\/\">ABAKO Arkitekter<\/a><\/p>\r\n<p>L\u00e4s mer om projektet i Bor\u00e5s tidning:<br \/><a href=\"https:\/\/www.bt.se\/2024-11-13\/nytt-barhus-for-22-miljoner-moter-framtidens-behov\/\">Nytt b\u00e5rhus f\u00f6r 22 miljoner m\u00f6ter framtidens behov<\/a><\/p>\r\n<p>&nbsp;<\/p>\r\n<p><img loading=\"lazy\" decoding=\"async\" title=\"IMG_3080\" src=\"https:\/\/www.mareldarkitektur.se\/wp-content\/uploads\/2024\/11\/IMG_3080-scaled.jpg\" alt=\"IMG_3080\" width=\"2560\" height=\"1920\" \/><\/p>","protected":false},"excerpt":{"rendered":"<p>Onsdagen den 13:e november invigdes det nya b\u00e5rhuset p\u00e5 Bollebygds kyrkog\u00e5rd. <\/p>","protected":false},"template":"","categories":[],"class_list":["post-1717","news","type-news","status-publish","hentry"],"acf":[],"yoast_head":"<!-- This site is optimized with the Yoast SEO plugin v27.5 - https:\/\/yoast.com\/product\/yoast-seo-wordpress\/ -->\n<title>Invigning Bollebygd b\u00e5rhus - Mareldarkitektur<\/title>\n<meta name=\"robots\" content=\"index, follow, max-snippet:-1, max-image-preview:large, max-video-preview:-1\" \/>\n<link rel=\"canonical\" href=\"https:\/\/www.mareldarkitektur.se\/sv\/nyheter\/invigning-bollebygd-barhus\/\" \/>\n<meta property=\"og:locale\" content=\"sv_SE\" \/>\n<meta property=\"og:type\" content=\"article\" \/>\n<meta property=\"og:title\" content=\"Invigning Bollebygd b\u00e5rhus - Mareldarkitektur\" \/>\n<meta property=\"og:description\" content=\"Onsdagen den 13:e november invigdes det nya b\u00e5rhuset p\u00e5 Bollebygds kyrkog\u00e5rd.\" \/>\n<meta property=\"og:url\" content=\"https:\/\/www.mareldarkitektur.se\/sv\/nyheter\/invigning-bollebygd-barhus\/\" \/>\n<meta property=\"og:site_name\" content=\"Mareldarkitektur\" \/>\n<meta property=\"article:modified_time\" content=\"2024-11-19T15:04:14+00:00\" \/>\n<meta property=\"og:image\" content=\"https:\/\/www.mareldarkitektur.se\/wp-content\/uploads\/2024\/11\/IMG_3111-scaled.jpg\" \/>\n<meta name=\"twitter:card\" content=\"summary_large_image\" \/>\n<meta name=\"twitter:label1\" content=\"Ber\u00e4knad l\u00e4stid\" \/>\n\t<meta name=\"twitter:data1\" content=\"1 minut\" \/>\n<script type=\"application\/ld+json\" class=\"yoast-schema-graph\">{\"@context\":\"https:\\\/\\\/schema.org\",\"@graph\":[{\"@type\":\"WebPage\",\"@id\":\"https:\\\/\\\/www.mareldarkitektur.se\\\/news\\\/invigning-bollebygd-barhus\\\/\",\"url\":\"https:\\\/\\\/www.mareldarkitektur.se\\\/news\\\/invigning-bollebygd-barhus\\\/\",\"name\":\"Invigning Bollebygd b\u00e5rhus - Mareldarkitektur\",\"isPartOf\":{\"@id\":\"https:\\\/\\\/www.mareldarkitektur.se\\\/#website\"},\"primaryImageOfPage\":{\"@id\":\"https:\\\/\\\/www.mareldarkitektur.se\\\/news\\\/invigning-bollebygd-barhus\\\/#primaryimage\"},\"image\":{\"@id\":\"https:\\\/\\\/www.mareldarkitektur.se\\\/news\\\/invigning-bollebygd-barhus\\\/#primaryimage\"},\"thumbnailUrl\":\"https:\\\/\\\/www.mareldarkitektur.se\\\/wp-content\\\/uploads\\\/2024\\\/11\\\/IMG_3111-scaled.jpg\",\"datePublished\":\"2024-11-19T15:02:58+00:00\",\"dateModified\":\"2024-11-19T15:04:14+00:00\",\"breadcrumb\":{\"@id\":\"https:\\\/\\\/www.mareldarkitektur.se\\\/news\\\/invigning-bollebygd-barhus\\\/#breadcrumb\"},\"inLanguage\":\"sv-SE\",\"potentialAction\":[{\"@type\":\"ReadAction\",\"target\":[\"https:\\\/\\\/www.mareldarkitektur.se\\\/news\\\/invigning-bollebygd-barhus\\\/\"]}]},{\"@type\":\"ImageObject\",\"inLanguage\":\"sv-SE\",\"@id\":\"https:\\\/\\\/www.mareldarkitektur.se\\\/news\\\/invigning-bollebygd-barhus\\\/#primaryimage\",\"url\":\"https:\\\/\\\/www.mareldarkitektur.se\\\/wp-content\\\/uploads\\\/2024\\\/11\\\/IMG_3111-scaled.jpg\",\"contentUrl\":\"https:\\\/\\\/www.mareldarkitektur.se\\\/wp-content\\\/uploads\\\/2024\\\/11\\\/IMG_3111-scaled.jpg\"},{\"@type\":\"BreadcrumbList\",\"@id\":\"https:\\\/\\\/www.mareldarkitektur.se\\\/news\\\/invigning-bollebygd-barhus\\\/#breadcrumb\",\"itemListElement\":[{\"@type\":\"ListItem\",\"position\":1,\"name\":\"Home\",\"item\":\"https:\\\/\\\/www.mareldarkitektur.se\\\/\"},{\"@type\":\"ListItem\",\"position\":2,\"name\":\"News\",\"item\":\"https:\\\/\\\/www.mareldarkitektur.se\\\/news\\\/\"},{\"@type\":\"ListItem\",\"position\":3,\"name\":\"Invigning Bollebygd b\u00e5rhus\"}]},{\"@type\":\"WebSite\",\"@id\":\"https:\\\/\\\/www.mareldarkitektur.se\\\/#website\",\"url\":\"https:\\\/\\\/www.mareldarkitektur.se\\\/\",\"name\":\"Mareldarkitektur\",\"description\":\"We work with projects on various scales, in several countries - but always with the same passion and dedication. Here is a selection of the ones that we are the most proud of.\",\"potentialAction\":[{\"@type\":\"SearchAction\",\"target\":{\"@type\":\"EntryPoint\",\"urlTemplate\":\"https:\\\/\\\/www.mareldarkitektur.se\\\/?s={search_term_string}\"},\"query-input\":{\"@type\":\"PropertyValueSpecification\",\"valueRequired\":true,\"valueName\":\"search_term_string\"}}],\"inLanguage\":\"sv-SE\"}]}<\/script>\n<!-- \/ Yoast SEO plugin. -->","yoast_head_json":{"title":"Invigning Bollebygd b\u00e5rhus - Mareldarkitektur","robots":{"index":"index","follow":"follow","max-snippet":"max-snippet:-1","max-image-preview":"max-image-preview:large","max-video-preview":"max-video-preview:-1"},"canonical":"https:\/\/www.mareldarkitektur.se\/sv\/nyheter\/invigning-bollebygd-barhus\/","og_locale":"sv_SE","og_type":"article","og_title":"Invigning Bollebygd b\u00e5rhus - Mareldarkitektur","og_description":"Onsdagen den 13:e november invigdes det nya b\u00e5rhuset p\u00e5 Bollebygds kyrkog\u00e5rd.","og_url":"https:\/\/www.mareldarkitektur.se\/sv\/nyheter\/invigning-bollebygd-barhus\/","og_site_name":"Mareldarkitektur","article_modified_time":"2024-11-19T15:04:14+00:00","og_image":[{"url":"https:\/\/www.mareldarkitektur.se\/wp-content\/uploads\/2024\/11\/IMG_3111-scaled.jpg","type":"","width":"","height":""}],"twitter_card":"summary_large_image","twitter_misc":{"Ber\u00e4knad l\u00e4stid":"1 minut"},"schema":{"@context":"https:\/\/schema.org","@graph":[{"@type":"WebPage","@id":"https:\/\/www.mareldarkitektur.se\/news\/invigning-bollebygd-barhus\/","url":"https:\/\/www.mareldarkitektur.se\/news\/invigning-bollebygd-barhus\/","name":"Invigning Bollebygd b\u00e5rhus - Mareldarkitektur","isPartOf":{"@id":"https:\/\/www.mareldarkitektur.se\/#website"},"primaryImageOfPage":{"@id":"https:\/\/www.mareldarkitektur.se\/news\/invigning-bollebygd-barhus\/#primaryimage"},"image":{"@id":"https:\/\/www.mareldarkitektur.se\/news\/invigning-bollebygd-barhus\/#primaryimage"},"thumbnailUrl":"https:\/\/www.mareldarkitektur.se\/wp-content\/uploads\/2024\/11\/IMG_3111-scaled.jpg","datePublished":"2024-11-19T15:02:58+00:00","dateModified":"2024-11-19T15:04:14+00:00","breadcrumb":{"@id":"https:\/\/www.mareldarkitektur.se\/news\/invigning-bollebygd-barhus\/#breadcrumb"},"inLanguage":"sv-SE","potentialAction":[{"@type":"ReadAction","target":["https:\/\/www.mareldarkitektur.se\/news\/invigning-bollebygd-barhus\/"]}]},{"@type":"ImageObject","inLanguage":"sv-SE","@id":"https:\/\/www.mareldarkitektur.se\/news\/invigning-bollebygd-barhus\/#primaryimage","url":"https:\/\/www.mareldarkitektur.se\/wp-content\/uploads\/2024\/11\/IMG_3111-scaled.jpg","contentUrl":"https:\/\/www.mareldarkitektur.se\/wp-content\/uploads\/2024\/11\/IMG_3111-scaled.jpg"},{"@type":"BreadcrumbList","@id":"https:\/\/www.mareldarkitektur.se\/news\/invigning-bollebygd-barhus\/#breadcrumb","itemListElement":[{"@type":"ListItem","position":1,"name":"Home","item":"https:\/\/www.mareldarkitektur.se\/"},{"@type":"ListItem","position":2,"name":"News","item":"https:\/\/www.mareldarkitektur.se\/news\/"},{"@type":"ListItem","position":3,"name":"Invigning Bollebygd b\u00e5rhus"}]},{"@type":"WebSite","@id":"https:\/\/www.mareldarkitektur.se\/#website","url":"https:\/\/www.mareldarkitektur.se\/","name":"Mareldarkitektur","description":"Vi arbetar med projekt i olika skalor, i flera l\u00e4nder - men alltid med samma passion och engagemang. H\u00e4r \u00e4r ett urval av dem som vi \u00e4r mest stolta \u00f6ver.","potentialAction":[{"@type":"SearchAction","target":{"@type":"EntryPoint","urlTemplate":"https:\/\/www.mareldarkitektur.se\/?s={search_term_string}"},"query-input":{"@type":"PropertyValueSpecification","valueRequired":true,"valueName":"search_term_string"}}],"inLanguage":"sv-SE"}]}},"_links":{"self":[{"href":"https:\/\/www.mareldarkitektur.se\/sv\/wp-json\/wp\/v2\/news\/1717","targetHints":{"allow":["GET"]}}],"collection":[{"href":"https:\/\/www.mareldarkitektur.se\/sv\/wp-json\/wp\/v2\/news"}],"about":[{"href":"https:\/\/www.mareldarkitektur.se\/sv\/wp-json\/wp\/v2\/types\/news"}],"wp:attachment":[{"href":"https:\/\/www.mareldarkitektur.se\/sv\/wp-json\/wp\/v2\/media?parent=1717"}],"wp:term":[{"taxonomy":"category","embeddable":true,"href":"https:\/\/www.mareldarkitektur.se\/sv\/wp-json\/wp\/v2\/categories?post=1717"}],"curies":[{"name":"wp","href":"https:\/\/api.w.org\/{rel}","templated":true}]}}