{"id":1674,"date":"2024-10-16T08:16:31","date_gmt":"2024-10-16T08:16:31","guid":{"rendered":"https:\/\/www.mareldarkitektur.se\/?post_type=news&#038;p=1674"},"modified":"2024-10-16T08:17:25","modified_gmt":"2024-10-16T08:17:25","slug":"kulturarv-och-landskap","status":"publish","type":"news","link":"https:\/\/www.mareldarkitektur.se\/sv\/news\/heritage-and-landscapes\/","title":{"rendered":"Kulturarv och landskap"},"content":{"rendered":"<p><img loading=\"lazy\" decoding=\"async\" title=\"Mareld_Philip_Liljenberg_231108_DSCF6858\" src=\"https:\/\/www.mareldarkitektur.se\/wp-content\/uploads\/2024\/10\/Mareld_Philip_Liljenberg_231108_DSCF6858-scaled.jpg\" alt=\"Mareld_Philip_Liljenberg_231108_DSCF6858\" width=\"2560\" height=\"1920\" \/> <img loading=\"lazy\" decoding=\"async\" title=\"Mareld_Philip_Liljenberg_231108_DSCF6836\" src=\"https:\/\/www.mareldarkitektur.se\/wp-content\/uploads\/2024\/10\/Mareld_Philip_Liljenberg_231108_DSCF6836-scaled.jpg\" alt=\"Mareld_Philip_Liljenberg_231108_DSCF6836\" width=\"2560\" height=\"1920\" \/><\/p>\r\n<p>F\u00f6rra veckan h\u00f6ll Martin Allik fr\u00e5n MARELD en presentation om <a href=\"https:\/\/www.mareldarkitektur.se\/sv\/arbete\/jubileumsparken\/\">Jubileumsparken<\/a> vid seminariet om kulturarvsplanerares roll i utformningen av framtida landskap vid <a href=\"https:\/\/www.gu.se\/\">G\u00f6teborgs universitet<\/a>.<\/p>\r\n<p>Hans presentation fokuserade p\u00e5 de m\u00e5nga lagren av materiellt och immateriellt arv i Frihamnen, hur detta arv har p\u00e5verkat stadsnaturen och \u00e4r inv\u00e4vt i parklandskapet.\u00a0<\/p>\r\n<p>Det offentliga seminariet anordnades av <a href=\"https:\/\/www.heriland.eu\/\">HERILAND<\/a>, ett paneuropeiskt n\u00e4tverk f\u00f6r forskning och utbildning om kulturarv i relation till fysisk planering och design.\u00a0<\/p>\r\n<p>Foton: Philip Liljenberg<\/p>\r\n<p><img loading=\"lazy\" decoding=\"async\" title=\"Mareld_Philip_Liljenberg_231108_DSCF6797\" src=\"https:\/\/www.mareldarkitektur.se\/wp-content\/uploads\/2024\/10\/Mareld_Philip_Liljenberg_231108_DSCF6797-scaled.jpg\" alt=\"Mareld_Philip_Liljenberg_231108_DSCF6797\" width=\"2560\" height=\"1920\" \/> <img loading=\"lazy\" decoding=\"async\" title=\"Mareld_Philip_Liljenberg_231108_DSCF6820\" src=\"https:\/\/www.mareldarkitektur.se\/wp-content\/uploads\/2024\/10\/Mareld_Philip_Liljenberg_231108_DSCF6820-scaled.jpg\" alt=\"Mareld_Philip_Liljenberg_231108_DSCF6820\" width=\"1920\" height=\"2560\" \/><\/p>","protected":false},"excerpt":{"rendered":"<p>Martin Allik fr\u00e5n MARELD h\u00f6ll en presentation om Jubileumsparken vid seminariet \"The Role of Heritage Planners in Shaping Future Landscapes\" vid G\u00f6teborgs universitet.<\/p>","protected":false},"template":"","categories":[],"class_list":["post-1674","news","type-news","status-publish","hentry"],"acf":[],"yoast_head":"<!-- This site is optimized with the Yoast SEO plugin v27.5 - https:\/\/yoast.com\/product\/yoast-seo-wordpress\/ -->\n<title>Heritage and Landscapes - Mareldarkitektur<\/title>\n<meta name=\"robots\" content=\"index, follow, max-snippet:-1, max-image-preview:large, max-video-preview:-1\" \/>\n<link rel=\"canonical\" href=\"https:\/\/www.mareldarkitektur.se\/sv\/nyheter\/kulturarv-och-landskap\/\" \/>\n<meta property=\"og:locale\" content=\"sv_SE\" \/>\n<meta property=\"og:type\" content=\"article\" \/>\n<meta property=\"og:title\" content=\"Heritage and Landscapes - Mareldarkitektur\" \/>\n<meta property=\"og:description\" content=\"Martin Allik from MARELD held a presentation about Jubileumsparken at the the Role of Heritage Planners in Shaping Future Landscapes seminar at the University of Gothenburg.\" \/>\n<meta property=\"og:url\" content=\"https:\/\/www.mareldarkitektur.se\/sv\/nyheter\/kulturarv-och-landskap\/\" \/>\n<meta property=\"og:site_name\" content=\"Mareldarkitektur\" \/>\n<meta property=\"article:modified_time\" content=\"2024-10-16T08:17:25+00:00\" \/>\n<meta property=\"og:image\" content=\"https:\/\/www.mareldarkitektur.se\/wp-content\/uploads\/2024\/10\/Mareld_Philip_Liljenberg_231108_DSCF6858-scaled.jpg\" \/>\n<meta name=\"twitter:card\" content=\"summary_large_image\" \/>\n<meta name=\"twitter:label1\" content=\"Ber\u00e4knad l\u00e4stid\" \/>\n\t<meta name=\"twitter:data1\" content=\"2 minuter\" \/>\n<script type=\"application\/ld+json\" class=\"yoast-schema-graph\">{\"@context\":\"https:\\\/\\\/schema.org\",\"@graph\":[{\"@type\":\"WebPage\",\"@id\":\"https:\\\/\\\/www.mareldarkitektur.se\\\/news\\\/heritage-and-landscapes\\\/\",\"url\":\"https:\\\/\\\/www.mareldarkitektur.se\\\/news\\\/heritage-and-landscapes\\\/\",\"name\":\"Heritage and Landscapes - Mareldarkitektur\",\"isPartOf\":{\"@id\":\"https:\\\/\\\/www.mareldarkitektur.se\\\/#website\"},\"primaryImageOfPage\":{\"@id\":\"https:\\\/\\\/www.mareldarkitektur.se\\\/news\\\/heritage-and-landscapes\\\/#primaryimage\"},\"image\":{\"@id\":\"https:\\\/\\\/www.mareldarkitektur.se\\\/news\\\/heritage-and-landscapes\\\/#primaryimage\"},\"thumbnailUrl\":\"https:\\\/\\\/www.mareldarkitektur.se\\\/wp-content\\\/uploads\\\/2024\\\/10\\\/Mareld_Philip_Liljenberg_231108_DSCF6858-scaled.jpg\",\"datePublished\":\"2024-10-16T08:16:31+00:00\",\"dateModified\":\"2024-10-16T08:17:25+00:00\",\"breadcrumb\":{\"@id\":\"https:\\\/\\\/www.mareldarkitektur.se\\\/news\\\/heritage-and-landscapes\\\/#breadcrumb\"},\"inLanguage\":\"sv-SE\",\"potentialAction\":[{\"@type\":\"ReadAction\",\"target\":[\"https:\\\/\\\/www.mareldarkitektur.se\\\/news\\\/heritage-and-landscapes\\\/\"]}]},{\"@type\":\"ImageObject\",\"inLanguage\":\"sv-SE\",\"@id\":\"https:\\\/\\\/www.mareldarkitektur.se\\\/news\\\/heritage-and-landscapes\\\/#primaryimage\",\"url\":\"https:\\\/\\\/www.mareldarkitektur.se\\\/wp-content\\\/uploads\\\/2024\\\/10\\\/Mareld_Philip_Liljenberg_231108_DSCF6858-scaled.jpg\",\"contentUrl\":\"https:\\\/\\\/www.mareldarkitektur.se\\\/wp-content\\\/uploads\\\/2024\\\/10\\\/Mareld_Philip_Liljenberg_231108_DSCF6858-scaled.jpg\"},{\"@type\":\"BreadcrumbList\",\"@id\":\"https:\\\/\\\/www.mareldarkitektur.se\\\/news\\\/heritage-and-landscapes\\\/#breadcrumb\",\"itemListElement\":[{\"@type\":\"ListItem\",\"position\":1,\"name\":\"Home\",\"item\":\"https:\\\/\\\/www.mareldarkitektur.se\\\/\"},{\"@type\":\"ListItem\",\"position\":2,\"name\":\"News\",\"item\":\"https:\\\/\\\/www.mareldarkitektur.se\\\/news\\\/\"},{\"@type\":\"ListItem\",\"position\":3,\"name\":\"Heritage and Landscapes\"}]},{\"@type\":\"WebSite\",\"@id\":\"https:\\\/\\\/www.mareldarkitektur.se\\\/#website\",\"url\":\"https:\\\/\\\/www.mareldarkitektur.se\\\/\",\"name\":\"Mareldarkitektur\",\"description\":\"We work with projects on various scales, in several countries - but always with the same passion and dedication. Here is a selection of the ones that we are the most proud of.\",\"potentialAction\":[{\"@type\":\"SearchAction\",\"target\":{\"@type\":\"EntryPoint\",\"urlTemplate\":\"https:\\\/\\\/www.mareldarkitektur.se\\\/?s={search_term_string}\"},\"query-input\":{\"@type\":\"PropertyValueSpecification\",\"valueRequired\":true,\"valueName\":\"search_term_string\"}}],\"inLanguage\":\"sv-SE\"}]}<\/script>\n<!-- \/ Yoast SEO plugin. -->","yoast_head_json":{"title":"Kulturarv och landskap - Mareldarkitektur","robots":{"index":"index","follow":"follow","max-snippet":"max-snippet:-1","max-image-preview":"max-image-preview:large","max-video-preview":"max-video-preview:-1"},"canonical":"https:\/\/www.mareldarkitektur.se\/sv\/nyheter\/kulturarv-och-landskap\/","og_locale":"sv_SE","og_type":"article","og_title":"Heritage and Landscapes - Mareldarkitektur","og_description":"Martin Allik from MARELD held a presentation about Jubileumsparken at the the Role of Heritage Planners in Shaping Future Landscapes seminar at the University of Gothenburg.","og_url":"https:\/\/www.mareldarkitektur.se\/sv\/nyheter\/kulturarv-och-landskap\/","og_site_name":"Mareldarkitektur","article_modified_time":"2024-10-16T08:17:25+00:00","og_image":[{"url":"https:\/\/www.mareldarkitektur.se\/wp-content\/uploads\/2024\/10\/Mareld_Philip_Liljenberg_231108_DSCF6858-scaled.jpg","type":"","width":"","height":""}],"twitter_card":"summary_large_image","twitter_misc":{"Ber\u00e4knad l\u00e4stid":"2 minuter"},"schema":{"@context":"https:\/\/schema.org","@graph":[{"@type":"WebPage","@id":"https:\/\/www.mareldarkitektur.se\/news\/heritage-and-landscapes\/","url":"https:\/\/www.mareldarkitektur.se\/news\/heritage-and-landscapes\/","name":"Kulturarv och landskap - Mareldarkitektur","isPartOf":{"@id":"https:\/\/www.mareldarkitektur.se\/#website"},"primaryImageOfPage":{"@id":"https:\/\/www.mareldarkitektur.se\/news\/heritage-and-landscapes\/#primaryimage"},"image":{"@id":"https:\/\/www.mareldarkitektur.se\/news\/heritage-and-landscapes\/#primaryimage"},"thumbnailUrl":"https:\/\/www.mareldarkitektur.se\/wp-content\/uploads\/2024\/10\/Mareld_Philip_Liljenberg_231108_DSCF6858-scaled.jpg","datePublished":"2024-10-16T08:16:31+00:00","dateModified":"2024-10-16T08:17:25+00:00","breadcrumb":{"@id":"https:\/\/www.mareldarkitektur.se\/news\/heritage-and-landscapes\/#breadcrumb"},"inLanguage":"sv-SE","potentialAction":[{"@type":"ReadAction","target":["https:\/\/www.mareldarkitektur.se\/news\/heritage-and-landscapes\/"]}]},{"@type":"ImageObject","inLanguage":"sv-SE","@id":"https:\/\/www.mareldarkitektur.se\/news\/heritage-and-landscapes\/#primaryimage","url":"https:\/\/www.mareldarkitektur.se\/wp-content\/uploads\/2024\/10\/Mareld_Philip_Liljenberg_231108_DSCF6858-scaled.jpg","contentUrl":"https:\/\/www.mareldarkitektur.se\/wp-content\/uploads\/2024\/10\/Mareld_Philip_Liljenberg_231108_DSCF6858-scaled.jpg"},{"@type":"BreadcrumbList","@id":"https:\/\/www.mareldarkitektur.se\/news\/heritage-and-landscapes\/#breadcrumb","itemListElement":[{"@type":"ListItem","position":1,"name":"Home","item":"https:\/\/www.mareldarkitektur.se\/"},{"@type":"ListItem","position":2,"name":"News","item":"https:\/\/www.mareldarkitektur.se\/news\/"},{"@type":"ListItem","position":3,"name":"Heritage and Landscapes"}]},{"@type":"WebSite","@id":"https:\/\/www.mareldarkitektur.se\/#website","url":"https:\/\/www.mareldarkitektur.se\/","name":"Mareldarkitektur","description":"Vi arbetar med projekt i olika skalor, i flera l\u00e4nder - men alltid med samma passion och engagemang. H\u00e4r \u00e4r ett urval av dem som vi \u00e4r mest stolta \u00f6ver.","potentialAction":[{"@type":"SearchAction","target":{"@type":"EntryPoint","urlTemplate":"https:\/\/www.mareldarkitektur.se\/?s={search_term_string}"},"query-input":{"@type":"PropertyValueSpecification","valueRequired":true,"valueName":"search_term_string"}}],"inLanguage":"sv-SE"}]}},"_links":{"self":[{"href":"https:\/\/www.mareldarkitektur.se\/sv\/wp-json\/wp\/v2\/news\/1674","targetHints":{"allow":["GET"]}}],"collection":[{"href":"https:\/\/www.mareldarkitektur.se\/sv\/wp-json\/wp\/v2\/news"}],"about":[{"href":"https:\/\/www.mareldarkitektur.se\/sv\/wp-json\/wp\/v2\/types\/news"}],"wp:attachment":[{"href":"https:\/\/www.mareldarkitektur.se\/sv\/wp-json\/wp\/v2\/media?parent=1674"}],"wp:term":[{"taxonomy":"category","embeddable":true,"href":"https:\/\/www.mareldarkitektur.se\/sv\/wp-json\/wp\/v2\/categories?post=1674"}],"curies":[{"name":"wp","href":"https:\/\/api.w.org\/{rel}","templated":true}]}}