{"id":1583,"date":"2024-09-02T07:21:05","date_gmt":"2024-09-02T07:21:05","guid":{"rendered":"https:\/\/www.mareldarkitektur.se\/?post_type=news&#038;p=1583"},"modified":"2024-09-02T07:25:47","modified_gmt":"2024-09-02T07:25:47","slug":"co-create-landscapes","status":"publish","type":"news","link":"https:\/\/www.mareldarkitektur.se\/sv\/news\/samskapa-landskap\/","title":{"rendered":"Samskapa landskap"},"content":{"rendered":"<img loading=\"lazy\" decoding=\"async\" src=\"https:\/\/www.mareldarkitektur.se\/wp-content\/uploads\/2024\/09\/Samskapa-landskap-workshop-11-Photo-Form-Design-Center-scaled.jpg\" alt=\"Foto: Form och Designcentrum\" itemprop=\"image\" height=\"1707\" width=\"2560\" title=\"Gemensam skapande av landskap workshop-11 Fotoform Design Center\" onerror=\"this.style.display='none'\"  \/>\n\t\tFoto: Form och Designcentrum\n\t<p>MARELD deltog i metodturn\u00e9n &#8216;Samskapa landskap&#8217; som i f\u00f6rra veckan landade p\u00e5 Form\/Design Center i Malm\u00f6.<\/p>\n<p>Eftermiddagen inneh\u00f6ll presentationer och samtal fr\u00e5n bland annat V\u00e4xtverket om deras projekt Naturmolnet i Malm\u00f6. Deltog gjorde \u00e4ven Helena Hansson fr\u00e5n HDK och Laura-Kristine Bergman fr\u00e5n MARELD som ber\u00e4ttade om pilprojektet i Linnarhult G\u00f6teborg. Kv\u00e4llens tema var konstn\u00e4rliga designmetoder och processer som bjuder in till samskapande i utformning av offentliga platser f\u00f6r lek och rekreation.<\/p>\n<p>Turn\u00e9n \u00e4r en del av forskningsprojektet &#8216;Lek i Staden&#8217; som drivs av HDK-Valand, G\u00f6teborgs universitet.<\/p>\n\t\t\t\t<img loading=\"lazy\" decoding=\"async\" src=\"https:\/\/www.mareldarkitektur.se\/wp-content\/uploads\/2024\/09\/Samskapa-landskap-workshop-20-Photo-Form-Design-Center-scaled.jpg\" alt=\"Foto: Form och Designcentrum\" itemprop=\"image\" height=\"1707\" width=\"2560\" title=\"Samskapa landskap workshop-20 Fotografi Formcenter\" onerror=\"this.style.display='none'\"  \/>\n\t\tFoto: Form och Designcentrum\n\t\t\t\t<img loading=\"lazy\" decoding=\"async\" src=\"https:\/\/www.mareldarkitektur.se\/wp-content\/uploads\/2024\/09\/Samskapa-landskap-workshop-03-Photo-Form-Design-Center-scaled.jpg\" alt=\"Foto: Form och Designcentrum\" itemprop=\"image\" height=\"1707\" width=\"2560\" title=\"Samarbeta i landskapet workshop-03 Foto Form Design Center\" onerror=\"this.style.display='none'\"  \/>\n\t\tFoto: Form och Designcentrum","protected":false},"excerpt":{"rendered":"<p>Foto: Form och Designceter MARELD deltog i metodturn\u00e9n &#8216;Samskapa landskap&#8217; som i f\u00f6rra veckan landade p\u00e5 Form\/Design Center i Malm\u00f6. Eftermiddagen inneh\u00f6ll presentationer och samtal fr\u00e5n bland annat V\u00e4xtverket om deras projekt Naturmolnet i Malm\u00f6. Deltog gjorde \u00e4ven Helena Hansson fr\u00e5n HDK och Laura-Kristine Bergman fr\u00e5n MARELD som ber\u00e4ttade om pilprojektet i Linnarhult G\u00f6teborg. Kv\u00e4llens [&hellip;]<\/p>\n","protected":false},"template":"","categories":[],"class_list":["post-1583","news","type-news","status-publish","hentry"],"acf":[],"yoast_head":"<!-- This site is optimized with the Yoast SEO plugin v27.5 - https:\/\/yoast.com\/product\/yoast-seo-wordpress\/ -->\n<title>Samskapa landskap - Mareldarkitektur<\/title>\n<meta name=\"robots\" content=\"index, follow, max-snippet:-1, max-image-preview:large, max-video-preview:-1\" \/>\n<link rel=\"canonical\" href=\"https:\/\/www.mareldarkitektur.se\/sv\/nyheter\/co-create-landscapes\/\" \/>\n<meta property=\"og:locale\" content=\"sv_SE\" \/>\n<meta property=\"og:type\" content=\"article\" \/>\n<meta property=\"og:title\" content=\"Samskapa landskap - Mareldarkitektur\" \/>\n<meta property=\"og:description\" content=\"Foto: Form och Designceter MARELD deltog i metodturn\u00e9n &#8216;Samskapa landskap&#8217; som i f\u00f6rra veckan landade p\u00e5 Form\/Design Center i Malm\u00f6. Eftermiddagen inneh\u00f6ll presentationer och samtal fr\u00e5n bland annat V\u00e4xtverket om deras projekt Naturmolnet i Malm\u00f6. Deltog gjorde \u00e4ven Helena Hansson fr\u00e5n HDK och Laura-Kristine Bergman fr\u00e5n MARELD som ber\u00e4ttade om pilprojektet i Linnarhult G\u00f6teborg. Kv\u00e4llens [&hellip;]\" \/>\n<meta property=\"og:url\" content=\"https:\/\/www.mareldarkitektur.se\/sv\/nyheter\/co-create-landscapes\/\" \/>\n<meta property=\"og:site_name\" content=\"Mareldarkitektur\" \/>\n<meta property=\"article:modified_time\" content=\"2024-09-02T07:25:47+00:00\" \/>\n<meta property=\"og:image\" content=\"https:\/\/www.mareldarkitektur.se\/wp-content\/uploads\/2024\/09\/Samskapa-landskap-workshop-11-Photo-Form-Design-Center-scaled.jpg\" \/>\n<meta name=\"twitter:card\" content=\"summary_large_image\" \/>\n<meta name=\"twitter:label1\" content=\"Ber\u00e4knad l\u00e4stid\" \/>\n\t<meta name=\"twitter:data1\" content=\"2 minuter\" \/>\n<script type=\"application\/ld+json\" class=\"yoast-schema-graph\">{\"@context\":\"https:\\\/\\\/schema.org\",\"@graph\":[{\"@type\":\"WebPage\",\"@id\":\"https:\\\/\\\/www.mareldarkitektur.se\\\/news\\\/samskapa-landskap\\\/\",\"url\":\"https:\\\/\\\/www.mareldarkitektur.se\\\/news\\\/samskapa-landskap\\\/\",\"name\":\"Samskapa landskap - Mareldarkitektur\",\"isPartOf\":{\"@id\":\"https:\\\/\\\/www.mareldarkitektur.se\\\/#website\"},\"primaryImageOfPage\":{\"@id\":\"https:\\\/\\\/www.mareldarkitektur.se\\\/news\\\/samskapa-landskap\\\/#primaryimage\"},\"image\":{\"@id\":\"https:\\\/\\\/www.mareldarkitektur.se\\\/news\\\/samskapa-landskap\\\/#primaryimage\"},\"thumbnailUrl\":\"https:\\\/\\\/www.mareldarkitektur.se\\\/wp-content\\\/uploads\\\/2024\\\/09\\\/Samskapa-landskap-workshop-11-Photo-Form-Design-Center-scaled.jpg\",\"datePublished\":\"2024-09-02T07:21:05+00:00\",\"dateModified\":\"2024-09-02T07:25:47+00:00\",\"breadcrumb\":{\"@id\":\"https:\\\/\\\/www.mareldarkitektur.se\\\/news\\\/samskapa-landskap\\\/#breadcrumb\"},\"inLanguage\":\"sv-SE\",\"potentialAction\":[{\"@type\":\"ReadAction\",\"target\":[\"https:\\\/\\\/www.mareldarkitektur.se\\\/news\\\/samskapa-landskap\\\/\"]}]},{\"@type\":\"ImageObject\",\"inLanguage\":\"sv-SE\",\"@id\":\"https:\\\/\\\/www.mareldarkitektur.se\\\/news\\\/samskapa-landskap\\\/#primaryimage\",\"url\":\"https:\\\/\\\/www.mareldarkitektur.se\\\/wp-content\\\/uploads\\\/2024\\\/09\\\/Samskapa-landskap-workshop-11-Photo-Form-Design-Center-scaled.jpg\",\"contentUrl\":\"https:\\\/\\\/www.mareldarkitektur.se\\\/wp-content\\\/uploads\\\/2024\\\/09\\\/Samskapa-landskap-workshop-11-Photo-Form-Design-Center-scaled.jpg\"},{\"@type\":\"BreadcrumbList\",\"@id\":\"https:\\\/\\\/www.mareldarkitektur.se\\\/news\\\/samskapa-landskap\\\/#breadcrumb\",\"itemListElement\":[{\"@type\":\"ListItem\",\"position\":1,\"name\":\"Home\",\"item\":\"https:\\\/\\\/www.mareldarkitektur.se\\\/\"},{\"@type\":\"ListItem\",\"position\":2,\"name\":\"News\",\"item\":\"https:\\\/\\\/www.mareldarkitektur.se\\\/news\\\/\"},{\"@type\":\"ListItem\",\"position\":3,\"name\":\"Samskapa landskap\"}]},{\"@type\":\"WebSite\",\"@id\":\"https:\\\/\\\/www.mareldarkitektur.se\\\/#website\",\"url\":\"https:\\\/\\\/www.mareldarkitektur.se\\\/\",\"name\":\"Mareldarkitektur\",\"description\":\"We work with projects on various scales, in several countries - but always with the same passion and dedication. Here is a selection of the ones that we are the most proud of.\",\"potentialAction\":[{\"@type\":\"SearchAction\",\"target\":{\"@type\":\"EntryPoint\",\"urlTemplate\":\"https:\\\/\\\/www.mareldarkitektur.se\\\/?s={search_term_string}\"},\"query-input\":{\"@type\":\"PropertyValueSpecification\",\"valueRequired\":true,\"valueName\":\"search_term_string\"}}],\"inLanguage\":\"sv-SE\"}]}<\/script>\n<!-- \/ Yoast SEO plugin. -->","yoast_head_json":{"title":"Samskapa landskap - Mareldarkitektur","robots":{"index":"index","follow":"follow","max-snippet":"max-snippet:-1","max-image-preview":"max-image-preview:large","max-video-preview":"max-video-preview:-1"},"canonical":"https:\/\/www.mareldarkitektur.se\/sv\/nyheter\/co-create-landscapes\/","og_locale":"sv_SE","og_type":"article","og_title":"Samskapa landskap - Mareldarkitektur","og_description":"Foto: Form och Designceter MARELD deltog i metodturn\u00e9n &#8216;Samskapa landskap&#8217; som i f\u00f6rra veckan landade p\u00e5 Form\/Design Center i Malm\u00f6. Eftermiddagen inneh\u00f6ll presentationer och samtal fr\u00e5n bland annat V\u00e4xtverket om deras projekt Naturmolnet i Malm\u00f6. Deltog gjorde \u00e4ven Helena Hansson fr\u00e5n HDK och Laura-Kristine Bergman fr\u00e5n MARELD som ber\u00e4ttade om pilprojektet i Linnarhult G\u00f6teborg. Kv\u00e4llens [&hellip;]","og_url":"https:\/\/www.mareldarkitektur.se\/sv\/nyheter\/co-create-landscapes\/","og_site_name":"Mareldarkitektur","article_modified_time":"2024-09-02T07:25:47+00:00","og_image":[{"url":"https:\/\/www.mareldarkitektur.se\/wp-content\/uploads\/2024\/09\/Samskapa-landskap-workshop-11-Photo-Form-Design-Center-scaled.jpg","type":"","width":"","height":""}],"twitter_card":"summary_large_image","twitter_misc":{"Ber\u00e4knad l\u00e4stid":"2 minuter"},"schema":{"@context":"https:\/\/schema.org","@graph":[{"@type":"WebPage","@id":"https:\/\/www.mareldarkitektur.se\/news\/samskapa-landskap\/","url":"https:\/\/www.mareldarkitektur.se\/news\/samskapa-landskap\/","name":"Samskapa landskap - Mareldarkitektur","isPartOf":{"@id":"https:\/\/www.mareldarkitektur.se\/#website"},"primaryImageOfPage":{"@id":"https:\/\/www.mareldarkitektur.se\/news\/samskapa-landskap\/#primaryimage"},"image":{"@id":"https:\/\/www.mareldarkitektur.se\/news\/samskapa-landskap\/#primaryimage"},"thumbnailUrl":"https:\/\/www.mareldarkitektur.se\/wp-content\/uploads\/2024\/09\/Samskapa-landskap-workshop-11-Photo-Form-Design-Center-scaled.jpg","datePublished":"2024-09-02T07:21:05+00:00","dateModified":"2024-09-02T07:25:47+00:00","breadcrumb":{"@id":"https:\/\/www.mareldarkitektur.se\/news\/samskapa-landskap\/#breadcrumb"},"inLanguage":"sv-SE","potentialAction":[{"@type":"ReadAction","target":["https:\/\/www.mareldarkitektur.se\/news\/samskapa-landskap\/"]}]},{"@type":"ImageObject","inLanguage":"sv-SE","@id":"https:\/\/www.mareldarkitektur.se\/news\/samskapa-landskap\/#primaryimage","url":"https:\/\/www.mareldarkitektur.se\/wp-content\/uploads\/2024\/09\/Samskapa-landskap-workshop-11-Photo-Form-Design-Center-scaled.jpg","contentUrl":"https:\/\/www.mareldarkitektur.se\/wp-content\/uploads\/2024\/09\/Samskapa-landskap-workshop-11-Photo-Form-Design-Center-scaled.jpg"},{"@type":"BreadcrumbList","@id":"https:\/\/www.mareldarkitektur.se\/news\/samskapa-landskap\/#breadcrumb","itemListElement":[{"@type":"ListItem","position":1,"name":"Home","item":"https:\/\/www.mareldarkitektur.se\/"},{"@type":"ListItem","position":2,"name":"News","item":"https:\/\/www.mareldarkitektur.se\/news\/"},{"@type":"ListItem","position":3,"name":"Samskapa landskap"}]},{"@type":"WebSite","@id":"https:\/\/www.mareldarkitektur.se\/#website","url":"https:\/\/www.mareldarkitektur.se\/","name":"Mareldarkitektur","description":"Vi arbetar med projekt i olika skalor, i flera l\u00e4nder - men alltid med samma passion och engagemang. H\u00e4r \u00e4r ett urval av dem som vi \u00e4r mest stolta \u00f6ver.","potentialAction":[{"@type":"SearchAction","target":{"@type":"EntryPoint","urlTemplate":"https:\/\/www.mareldarkitektur.se\/?s={search_term_string}"},"query-input":{"@type":"PropertyValueSpecification","valueRequired":true,"valueName":"search_term_string"}}],"inLanguage":"sv-SE"}]}},"_links":{"self":[{"href":"https:\/\/www.mareldarkitektur.se\/sv\/wp-json\/wp\/v2\/news\/1583","targetHints":{"allow":["GET"]}}],"collection":[{"href":"https:\/\/www.mareldarkitektur.se\/sv\/wp-json\/wp\/v2\/news"}],"about":[{"href":"https:\/\/www.mareldarkitektur.se\/sv\/wp-json\/wp\/v2\/types\/news"}],"wp:attachment":[{"href":"https:\/\/www.mareldarkitektur.se\/sv\/wp-json\/wp\/v2\/media?parent=1583"}],"wp:term":[{"taxonomy":"category","embeddable":true,"href":"https:\/\/www.mareldarkitektur.se\/sv\/wp-json\/wp\/v2\/categories?post=1583"}],"curies":[{"name":"wp","href":"https:\/\/api.w.org\/{rel}","templated":true}]}}