{"id":1392,"date":"2024-06-05T06:07:25","date_gmt":"2024-06-05T06:07:25","guid":{"rendered":"https:\/\/www.mareldarkitektur.se\/?post_type=news&#038;p=1392"},"modified":"2024-06-05T07:25:28","modified_gmt":"2024-06-05T07:25:28","slug":"visionsbilder-for-framtidens-gassack","status":"publish","type":"news","link":"https:\/\/www.mareldarkitektur.se\/sv\/news\/visionsbilder-for-framtidens-gaseback\/","title":{"rendered":"Visionsbilder f\u00f6r framtidens G\u00e5seb\u00e4ck"},"content":{"rendered":"<p><img loading=\"lazy\" decoding=\"async\" title=\"Bild 1\" src=\"https:\/\/www.mareldarkitektur.se\/wp-content\/uploads\/2024\/06\/Bild-1.png\" alt=\"Bild 1\" width=\"5816\" height=\"3508\" \/><\/p>\r\n<p>MARELD har i samarbete med Helsingborgs stad tagit fram visionsbilder f\u00f6r framtidens G\u00e5seb\u00e4ck. Arbetet har innefattat en st\u00f6rre analys av G\u00e5seb\u00e4cksomr\u00e5det. Visionsbilderna har, som en f\u00f6rl\u00e4ngning av detta arbete, tagits fram f\u00f6r en utvald plats. H\u00e4r arbetar man strategiskt med permanenta, flexibla och tempor\u00e4ra lager\/delar, f\u00f6r att successivt ha m\u00f6jlighet att i framtiden bygga ut f\u00f6rslaget. Tanken \u00e4r ocks\u00e5 att den framtagna visionen och konceptet enkelt ska kunna \u00e5teranv\u00e4ndas p\u00e5 nya\/andra platser i omr\u00e5det i framtiden.<\/p>\r\n<p><img loading=\"lazy\" decoding=\"async\" title=\"Bild 2\" src=\"https:\/\/www.mareldarkitektur.se\/wp-content\/uploads\/2024\/06\/Bild-2.png\" alt=\"Bild 2\" width=\"5816\" height=\"3508\" \/><\/p>","protected":false},"excerpt":{"rendered":"<p>MARELD har i samarbete med Helsingborg stad tagit fram visionsbilder f\u00f6r framtidens G\u00e5seb\u00e4ck.<\/p>","protected":false},"template":"","categories":[],"class_list":["post-1392","news","type-news","status-publish","hentry"],"acf":[],"yoast_head":"<!-- This site is optimized with the Yoast SEO plugin v27.5 - https:\/\/yoast.com\/product\/yoast-seo-wordpress\/ -->\n<title>Visionsbilder f\u00f6r framtidens G\u00e5seb\u00e4ck - Mareldarkitektur<\/title>\n<meta name=\"robots\" content=\"index, follow, max-snippet:-1, max-image-preview:large, max-video-preview:-1\" \/>\n<link rel=\"canonical\" href=\"https:\/\/www.mareldarkitektur.se\/sv\/nyheter\/visionsbilder-for-framtidens-gassack\/\" \/>\n<meta property=\"og:locale\" content=\"sv_SE\" \/>\n<meta property=\"og:type\" content=\"article\" \/>\n<meta property=\"og:title\" content=\"Visionsbilder f\u00f6r framtidens G\u00e5seb\u00e4ck - Mareldarkitektur\" \/>\n<meta property=\"og:description\" content=\"MARELD har i samarbete med Helsingborg stad tagit fram visionsbilder f\u00f6r framtidens G\u00e5seb\u00e4ck.\" \/>\n<meta property=\"og:url\" content=\"https:\/\/www.mareldarkitektur.se\/sv\/nyheter\/visionsbilder-for-framtidens-gassack\/\" \/>\n<meta property=\"og:site_name\" content=\"Mareldarkitektur\" \/>\n<meta property=\"article:modified_time\" content=\"2024-06-05T07:25:28+00:00\" \/>\n<meta property=\"og:image\" content=\"https:\/\/www.mareldarkitektur.se\/wp-content\/uploads\/2024\/06\/Bild-1.png\" \/>\n<meta name=\"twitter:card\" content=\"summary_large_image\" \/>\n<meta name=\"twitter:label1\" content=\"Ber\u00e4knad l\u00e4stid\" \/>\n\t<meta name=\"twitter:data1\" content=\"1 minut\" \/>\n<script type=\"application\/ld+json\" class=\"yoast-schema-graph\">{\"@context\":\"https:\\\/\\\/schema.org\",\"@graph\":[{\"@type\":\"WebPage\",\"@id\":\"https:\\\/\\\/www.mareldarkitektur.se\\\/news\\\/visionsbilder-for-framtidens-gaseback\\\/\",\"url\":\"https:\\\/\\\/www.mareldarkitektur.se\\\/news\\\/visionsbilder-for-framtidens-gaseback\\\/\",\"name\":\"Visionsbilder f\u00f6r framtidens G\u00e5seb\u00e4ck - Mareldarkitektur\",\"isPartOf\":{\"@id\":\"https:\\\/\\\/www.mareldarkitektur.se\\\/#website\"},\"primaryImageOfPage\":{\"@id\":\"https:\\\/\\\/www.mareldarkitektur.se\\\/news\\\/visionsbilder-for-framtidens-gaseback\\\/#primaryimage\"},\"image\":{\"@id\":\"https:\\\/\\\/www.mareldarkitektur.se\\\/news\\\/visionsbilder-for-framtidens-gaseback\\\/#primaryimage\"},\"thumbnailUrl\":\"https:\\\/\\\/www.mareldarkitektur.se\\\/wp-content\\\/uploads\\\/2024\\\/06\\\/Bild-1.png\",\"datePublished\":\"2024-06-05T06:07:25+00:00\",\"dateModified\":\"2024-06-05T07:25:28+00:00\",\"breadcrumb\":{\"@id\":\"https:\\\/\\\/www.mareldarkitektur.se\\\/news\\\/visionsbilder-for-framtidens-gaseback\\\/#breadcrumb\"},\"inLanguage\":\"sv-SE\",\"potentialAction\":[{\"@type\":\"ReadAction\",\"target\":[\"https:\\\/\\\/www.mareldarkitektur.se\\\/news\\\/visionsbilder-for-framtidens-gaseback\\\/\"]}]},{\"@type\":\"ImageObject\",\"inLanguage\":\"sv-SE\",\"@id\":\"https:\\\/\\\/www.mareldarkitektur.se\\\/news\\\/visionsbilder-for-framtidens-gaseback\\\/#primaryimage\",\"url\":\"https:\\\/\\\/www.mareldarkitektur.se\\\/wp-content\\\/uploads\\\/2024\\\/06\\\/Bild-1.png\",\"contentUrl\":\"https:\\\/\\\/www.mareldarkitektur.se\\\/wp-content\\\/uploads\\\/2024\\\/06\\\/Bild-1.png\"},{\"@type\":\"BreadcrumbList\",\"@id\":\"https:\\\/\\\/www.mareldarkitektur.se\\\/news\\\/visionsbilder-for-framtidens-gaseback\\\/#breadcrumb\",\"itemListElement\":[{\"@type\":\"ListItem\",\"position\":1,\"name\":\"Home\",\"item\":\"https:\\\/\\\/www.mareldarkitektur.se\\\/\"},{\"@type\":\"ListItem\",\"position\":2,\"name\":\"News\",\"item\":\"https:\\\/\\\/www.mareldarkitektur.se\\\/news\\\/\"},{\"@type\":\"ListItem\",\"position\":3,\"name\":\"Visionsbilder f\u00f6r framtidens G\u00e5seb\u00e4ck\"}]},{\"@type\":\"WebSite\",\"@id\":\"https:\\\/\\\/www.mareldarkitektur.se\\\/#website\",\"url\":\"https:\\\/\\\/www.mareldarkitektur.se\\\/\",\"name\":\"Mareldarkitektur\",\"description\":\"We work with projects on various scales, in several countries - but always with the same passion and dedication. Here is a selection of the ones that we are the most proud of.\",\"potentialAction\":[{\"@type\":\"SearchAction\",\"target\":{\"@type\":\"EntryPoint\",\"urlTemplate\":\"https:\\\/\\\/www.mareldarkitektur.se\\\/?s={search_term_string}\"},\"query-input\":{\"@type\":\"PropertyValueSpecification\",\"valueRequired\":true,\"valueName\":\"search_term_string\"}}],\"inLanguage\":\"sv-SE\"}]}<\/script>\n<!-- \/ Yoast SEO plugin. -->","yoast_head_json":{"title":"Visioner f\u00f6r framtidens G\u00e5seb\u00e4ck - Mareldarkitektur","robots":{"index":"index","follow":"follow","max-snippet":"max-snippet:-1","max-image-preview":"max-image-preview:large","max-video-preview":"max-video-preview:-1"},"canonical":"https:\/\/www.mareldarkitektur.se\/sv\/nyheter\/visionsbilder-for-framtidens-gassack\/","og_locale":"sv_SE","og_type":"article","og_title":"Visionsbilder f\u00f6r framtidens G\u00e5seb\u00e4ck - Mareldarkitektur","og_description":"MARELD har i samarbete med Helsingborg stad tagit fram visionsbilder f\u00f6r framtidens G\u00e5seb\u00e4ck.","og_url":"https:\/\/www.mareldarkitektur.se\/sv\/nyheter\/visionsbilder-for-framtidens-gassack\/","og_site_name":"Mareldarkitektur","article_modified_time":"2024-06-05T07:25:28+00:00","og_image":[{"url":"https:\/\/www.mareldarkitektur.se\/wp-content\/uploads\/2024\/06\/Bild-1.png","type":"","width":"","height":""}],"twitter_card":"summary_large_image","twitter_misc":{"Ber\u00e4knad l\u00e4stid":"1 minut"},"schema":{"@context":"https:\/\/schema.org","@graph":[{"@type":"WebPage","@id":"https:\/\/www.mareldarkitektur.se\/news\/visionsbilder-for-framtidens-gaseback\/","url":"https:\/\/www.mareldarkitektur.se\/news\/visionsbilder-for-framtidens-gaseback\/","name":"Visioner f\u00f6r framtidens G\u00e5seb\u00e4ck - Mareldarkitektur","isPartOf":{"@id":"https:\/\/www.mareldarkitektur.se\/#website"},"primaryImageOfPage":{"@id":"https:\/\/www.mareldarkitektur.se\/news\/visionsbilder-for-framtidens-gaseback\/#primaryimage"},"image":{"@id":"https:\/\/www.mareldarkitektur.se\/news\/visionsbilder-for-framtidens-gaseback\/#primaryimage"},"thumbnailUrl":"https:\/\/www.mareldarkitektur.se\/wp-content\/uploads\/2024\/06\/Bild-1.png","datePublished":"2024-06-05T06:07:25+00:00","dateModified":"2024-06-05T07:25:28+00:00","breadcrumb":{"@id":"https:\/\/www.mareldarkitektur.se\/news\/visionsbilder-for-framtidens-gaseback\/#breadcrumb"},"inLanguage":"sv-SE","potentialAction":[{"@type":"ReadAction","target":["https:\/\/www.mareldarkitektur.se\/news\/visionsbilder-for-framtidens-gaseback\/"]}]},{"@type":"ImageObject","inLanguage":"sv-SE","@id":"https:\/\/www.mareldarkitektur.se\/news\/visionsbilder-for-framtidens-gaseback\/#primaryimage","url":"https:\/\/www.mareldarkitektur.se\/wp-content\/uploads\/2024\/06\/Bild-1.png","contentUrl":"https:\/\/www.mareldarkitektur.se\/wp-content\/uploads\/2024\/06\/Bild-1.png"},{"@type":"BreadcrumbList","@id":"https:\/\/www.mareldarkitektur.se\/news\/visionsbilder-for-framtidens-gaseback\/#breadcrumb","itemListElement":[{"@type":"ListItem","position":1,"name":"Home","item":"https:\/\/www.mareldarkitektur.se\/"},{"@type":"ListItem","position":2,"name":"News","item":"https:\/\/www.mareldarkitektur.se\/news\/"},{"@type":"ListItem","position":3,"name":"Visionsbilder f\u00f6r framtidens G\u00e5seb\u00e4ck"}]},{"@type":"WebSite","@id":"https:\/\/www.mareldarkitektur.se\/#website","url":"https:\/\/www.mareldarkitektur.se\/","name":"Mareldarkitektur","description":"Vi arbetar med projekt i olika skalor, i flera l\u00e4nder - men alltid med samma passion och engagemang. H\u00e4r \u00e4r ett urval av dem som vi \u00e4r mest stolta \u00f6ver.","potentialAction":[{"@type":"SearchAction","target":{"@type":"EntryPoint","urlTemplate":"https:\/\/www.mareldarkitektur.se\/?s={search_term_string}"},"query-input":{"@type":"PropertyValueSpecification","valueRequired":true,"valueName":"search_term_string"}}],"inLanguage":"sv-SE"}]}},"_links":{"self":[{"href":"https:\/\/www.mareldarkitektur.se\/sv\/wp-json\/wp\/v2\/news\/1392","targetHints":{"allow":["GET"]}}],"collection":[{"href":"https:\/\/www.mareldarkitektur.se\/sv\/wp-json\/wp\/v2\/news"}],"about":[{"href":"https:\/\/www.mareldarkitektur.se\/sv\/wp-json\/wp\/v2\/types\/news"}],"wp:attachment":[{"href":"https:\/\/www.mareldarkitektur.se\/sv\/wp-json\/wp\/v2\/media?parent=1392"}],"wp:term":[{"taxonomy":"category","embeddable":true,"href":"https:\/\/www.mareldarkitektur.se\/sv\/wp-json\/wp\/v2\/categories?post=1392"}],"curies":[{"name":"wp","href":"https:\/\/api.w.org\/{rel}","templated":true}]}}