{"id":1380,"date":"2024-05-22T12:48:11","date_gmt":"2024-05-22T12:48:11","guid":{"rendered":"https:\/\/www.mareldarkitektur.se\/?post_type=news&#038;p=1380"},"modified":"2024-05-22T12:48:11","modified_gmt":"2024-05-22T12:48:11","slug":"fran-visioner-till-verklighet","status":"publish","type":"news","link":"https:\/\/www.mareldarkitektur.se\/sv\/news\/dar-visioner-mots\/","title":{"rendered":"D\u00e4r visioner m\u00f6ts"},"content":{"rendered":"<p><img loading=\"lazy\" decoding=\"async\" title=\"G\u00e4llivare Team D\u00e4r horisonter m\u00f6ts_1080x1080_20\" src=\"https:\/\/www.mareldarkitektur.se\/wp-content\/uploads\/2024\/05\/Gallivare-Team-Nar-horisonter-mots_1080x1080_20.jpg\" alt=\"G\u00e4llivare Team D\u00e4r horisonter m\u00f6ts_1080x1080_20\" width=\"1080\" height=\"1080\" \/><\/p>\r\n<p>Vi \u00e4r glada att meddela att MARELD \u00e4r med i ett av de utvalda teamen till projektet Visioner i Norr!<\/p>\r\n<p>Innovationsprojektet\u00a0\u00e4r initierat av R\u00e5det f\u00f6r h\u00e5llbara st\u00e4der, regeringens satsning f\u00f6r h\u00e5llbar stadsutveckling. Bakom utlysningen st\u00e5r ArkDes, Boverket, Energimyndigheten, Vinnova och Formas, f\u00f6r R\u00e5det f\u00f6r h\u00e5llbara st\u00e4der, tillsammans med kommunerna.\u00a0<\/p>\r\n<p>MARELD ing\u00e5r i team G\u00e4llivare, och best\u00e5r av ett tv\u00e4rdisciplin\u00e4rt samarbete mellan landskapsarkitektur, konst, ekologi och f\u00f6rvaltning. Teamets fokus\u00a0ligger\u00a0p\u00e5 \u00e4lvrummet Vassara \u00e4lv, med fr\u00e5gest\u00e4llningen hur denna milj\u00f6 med alla dess befintliga v\u00e4rden kan utvecklas och st\u00e4rkas f\u00f6r att bidra till hela G\u00e4llivares livsmilj\u00f6?<\/p>\r\n<p>Ut\u00f6ver MARELD ing\u00e5r i v\u00e5rt team \u00e4ven Mari Bergset fr\u00e5n Lo:Le landskap, ekologen Kari Anne Br\u00e5then fr\u00e5n Universitetet i Troms\u00f8, konstn\u00e4ren Ramona Salo och forskaren Heiti Ernits p\u00e5 RISE.<\/p>\r\n<p>Teamet tilldelades projektet med motiveringen:<br \/><em>Teamets sammans\u00e4ttning visar p\u00e5 stor erfarenhet av att bo och verka i arktisk milj\u00f6. Ans\u00f6kan \u00e4r \u00f6vertygande och vittnar om erfarenheter av liknande processer s\u00e5v\u00e4l som en f\u00f6rst\u00e5else f\u00f6r kommunens behov och arbetss\u00e4tt. Pedagogiskt kunnande och tidigare erfarenhet av inkluderande och utforskande gestaltningsprocesser inger f\u00f6rtroende f\u00f6r den f\u00f6reslagna metodens genomf\u00f6rbarhet. I teamets ans\u00f6kan framtr\u00e4der ett genuint intresse f\u00f6r att arbeta med olika tidsdjup i platsens l\u00e5ngsiktiga utveckling. Det i kombination med tron p\u00e5 prototypens potential g\u00f6r &#8220;N\u00e4r horisonter m\u00f6ts&#8221; till ett relevant projekt f\u00f6r \u00c4lvrummet och Visioner i norr steg 2.<\/em>\u00a0\u202f\u202f<\/p>\r\n<p>Vi ser fram emot fortsatt arbete!<\/p>\r\n<p>\u00a0L\u00e4nk till Arkdes f\u00f6r att l\u00e4sa mer om projektet och de andra teamen:<br \/><a href=\"https:\/\/eur02.safelinks.protection.outlook.com\/?url=https%3A%2F%2Farkdes.se%2Fnyheter%2Fsex-team-utvalda-till-visioner-i-norr-steg-2%2F&amp;data=05%7C02%7Cvanja.pihl%40mareldarkitektur.se%7Ce554815f1949419c54f908dc7a5bf8aa%7C89e95ec0a1ed47089b915267a73f2522%7C0%7C0%7C638519782736080907%7CUnknown%7CTWFpbGZsb3d8eyJWIjoiMC4wLjAwMDAiLCJQIjoiV2luMzIiLCJBTiI6Ik1haWwiLCJXVCI6Mn0%3D%7C0%7C%7C%7C&amp;sdata=iuzr4QJQYIE21f1CW3hvMXcVY5KuZ8IDqPcYjZrCwmw%3D&amp;reserved=0\">Sex team utvalda till Visioner i Norr steg 2 &#8211; ArkDes<\/a><\/p>","protected":false},"excerpt":{"rendered":"<p>Vi \u00e4r glada att meddela att MARELD \u00e4r med i ett av de utvalda teamen till projektet Visioner i Norr!<\/p>","protected":false},"template":"","categories":[],"class_list":["post-1380","news","type-news","status-publish","hentry"],"acf":[],"yoast_head":"<!-- This site is optimized with the Yoast SEO plugin v27.5 - https:\/\/yoast.com\/product\/yoast-seo-wordpress\/ -->\n<title>D\u00e4r visioner m\u00f6ts - Mareldarkitektur<\/title>\n<meta name=\"robots\" content=\"index, follow, max-snippet:-1, max-image-preview:large, max-video-preview:-1\" \/>\n<link rel=\"canonical\" href=\"https:\/\/www.mareldarkitektur.se\/sv\/nyheter\/fran-visioner-till-verklighet\/\" \/>\n<meta property=\"og:locale\" content=\"sv_SE\" \/>\n<meta property=\"og:type\" content=\"article\" \/>\n<meta property=\"og:title\" content=\"D\u00e4r visioner m\u00f6ts - Mareldarkitektur\" \/>\n<meta property=\"og:description\" content=\"Vi \u00e4r glada att meddela att MARELD \u00e4r med i ett av de utvalda teamen till projektet Visioner i Norr!\" \/>\n<meta property=\"og:url\" content=\"https:\/\/www.mareldarkitektur.se\/sv\/nyheter\/fran-visioner-till-verklighet\/\" \/>\n<meta property=\"og:site_name\" content=\"Mareldarkitektur\" \/>\n<meta property=\"og:image\" content=\"https:\/\/www.mareldarkitektur.se\/wp-content\/uploads\/2024\/05\/Gallivare-Team-Nar-horisonter-mots_1080x1080_20.jpg\" \/>\n<meta name=\"twitter:card\" content=\"summary_large_image\" \/>\n<meta name=\"twitter:label1\" content=\"Ber\u00e4knad l\u00e4stid\" \/>\n\t<meta name=\"twitter:data1\" content=\"2 minuter\" \/>\n<script type=\"application\/ld+json\" class=\"yoast-schema-graph\">{\"@context\":\"https:\\\/\\\/schema.org\",\"@graph\":[{\"@type\":\"WebPage\",\"@id\":\"https:\\\/\\\/www.mareldarkitektur.se\\\/news\\\/dar-visioner-mots\\\/\",\"url\":\"https:\\\/\\\/www.mareldarkitektur.se\\\/news\\\/dar-visioner-mots\\\/\",\"name\":\"D\u00e4r visioner m\u00f6ts - Mareldarkitektur\",\"isPartOf\":{\"@id\":\"https:\\\/\\\/www.mareldarkitektur.se\\\/#website\"},\"primaryImageOfPage\":{\"@id\":\"https:\\\/\\\/www.mareldarkitektur.se\\\/news\\\/dar-visioner-mots\\\/#primaryimage\"},\"image\":{\"@id\":\"https:\\\/\\\/www.mareldarkitektur.se\\\/news\\\/dar-visioner-mots\\\/#primaryimage\"},\"thumbnailUrl\":\"https:\\\/\\\/www.mareldarkitektur.se\\\/wp-content\\\/uploads\\\/2024\\\/05\\\/Gallivare-Team-Nar-horisonter-mots_1080x1080_20.jpg\",\"datePublished\":\"2024-05-22T12:48:11+00:00\",\"breadcrumb\":{\"@id\":\"https:\\\/\\\/www.mareldarkitektur.se\\\/news\\\/dar-visioner-mots\\\/#breadcrumb\"},\"inLanguage\":\"sv-SE\",\"potentialAction\":[{\"@type\":\"ReadAction\",\"target\":[\"https:\\\/\\\/www.mareldarkitektur.se\\\/news\\\/dar-visioner-mots\\\/\"]}]},{\"@type\":\"ImageObject\",\"inLanguage\":\"sv-SE\",\"@id\":\"https:\\\/\\\/www.mareldarkitektur.se\\\/news\\\/dar-visioner-mots\\\/#primaryimage\",\"url\":\"https:\\\/\\\/www.mareldarkitektur.se\\\/wp-content\\\/uploads\\\/2024\\\/05\\\/Gallivare-Team-Nar-horisonter-mots_1080x1080_20.jpg\",\"contentUrl\":\"https:\\\/\\\/www.mareldarkitektur.se\\\/wp-content\\\/uploads\\\/2024\\\/05\\\/Gallivare-Team-Nar-horisonter-mots_1080x1080_20.jpg\"},{\"@type\":\"BreadcrumbList\",\"@id\":\"https:\\\/\\\/www.mareldarkitektur.se\\\/news\\\/dar-visioner-mots\\\/#breadcrumb\",\"itemListElement\":[{\"@type\":\"ListItem\",\"position\":1,\"name\":\"Home\",\"item\":\"https:\\\/\\\/www.mareldarkitektur.se\\\/\"},{\"@type\":\"ListItem\",\"position\":2,\"name\":\"News\",\"item\":\"https:\\\/\\\/www.mareldarkitektur.se\\\/news\\\/\"},{\"@type\":\"ListItem\",\"position\":3,\"name\":\"D\u00e4r visioner m\u00f6ts\"}]},{\"@type\":\"WebSite\",\"@id\":\"https:\\\/\\\/www.mareldarkitektur.se\\\/#website\",\"url\":\"https:\\\/\\\/www.mareldarkitektur.se\\\/\",\"name\":\"Mareldarkitektur\",\"description\":\"We work with projects on various scales, in several countries - but always with the same passion and dedication. Here is a selection of the ones that we are the most proud of.\",\"potentialAction\":[{\"@type\":\"SearchAction\",\"target\":{\"@type\":\"EntryPoint\",\"urlTemplate\":\"https:\\\/\\\/www.mareldarkitektur.se\\\/?s={search_term_string}\"},\"query-input\":{\"@type\":\"PropertyValueSpecification\",\"valueRequired\":true,\"valueName\":\"search_term_string\"}}],\"inLanguage\":\"sv-SE\"}]}<\/script>\n<!-- \/ Yoast SEO plugin. -->","yoast_head_json":{"title":"D\u00e4r visioner m\u00f6ts - Mareldarkitektur","robots":{"index":"index","follow":"follow","max-snippet":"max-snippet:-1","max-image-preview":"max-image-preview:large","max-video-preview":"max-video-preview:-1"},"canonical":"https:\/\/www.mareldarkitektur.se\/sv\/nyheter\/fran-visioner-till-verklighet\/","og_locale":"sv_SE","og_type":"article","og_title":"D\u00e4r visioner m\u00f6ts - Mareldarkitektur","og_description":"Vi \u00e4r glada att meddela att MARELD \u00e4r med i ett av de utvalda teamen till projektet Visioner i Norr!","og_url":"https:\/\/www.mareldarkitektur.se\/sv\/nyheter\/fran-visioner-till-verklighet\/","og_site_name":"Mareldarkitektur","og_image":[{"url":"https:\/\/www.mareldarkitektur.se\/wp-content\/uploads\/2024\/05\/Gallivare-Team-Nar-horisonter-mots_1080x1080_20.jpg","type":"","width":"","height":""}],"twitter_card":"summary_large_image","twitter_misc":{"Ber\u00e4knad l\u00e4stid":"2 minuter"},"schema":{"@context":"https:\/\/schema.org","@graph":[{"@type":"WebPage","@id":"https:\/\/www.mareldarkitektur.se\/news\/dar-visioner-mots\/","url":"https:\/\/www.mareldarkitektur.se\/news\/dar-visioner-mots\/","name":"D\u00e4r visioner m\u00f6ts - Mareldarkitektur","isPartOf":{"@id":"https:\/\/www.mareldarkitektur.se\/#website"},"primaryImageOfPage":{"@id":"https:\/\/www.mareldarkitektur.se\/news\/dar-visioner-mots\/#primaryimage"},"image":{"@id":"https:\/\/www.mareldarkitektur.se\/news\/dar-visioner-mots\/#primaryimage"},"thumbnailUrl":"https:\/\/www.mareldarkitektur.se\/wp-content\/uploads\/2024\/05\/Gallivare-Team-Nar-horisonter-mots_1080x1080_20.jpg","datePublished":"2024-05-22T12:48:11+00:00","breadcrumb":{"@id":"https:\/\/www.mareldarkitektur.se\/news\/dar-visioner-mots\/#breadcrumb"},"inLanguage":"sv-SE","potentialAction":[{"@type":"ReadAction","target":["https:\/\/www.mareldarkitektur.se\/news\/dar-visioner-mots\/"]}]},{"@type":"ImageObject","inLanguage":"sv-SE","@id":"https:\/\/www.mareldarkitektur.se\/news\/dar-visioner-mots\/#primaryimage","url":"https:\/\/www.mareldarkitektur.se\/wp-content\/uploads\/2024\/05\/Gallivare-Team-Nar-horisonter-mots_1080x1080_20.jpg","contentUrl":"https:\/\/www.mareldarkitektur.se\/wp-content\/uploads\/2024\/05\/Gallivare-Team-Nar-horisonter-mots_1080x1080_20.jpg"},{"@type":"BreadcrumbList","@id":"https:\/\/www.mareldarkitektur.se\/news\/dar-visioner-mots\/#breadcrumb","itemListElement":[{"@type":"ListItem","position":1,"name":"Home","item":"https:\/\/www.mareldarkitektur.se\/"},{"@type":"ListItem","position":2,"name":"News","item":"https:\/\/www.mareldarkitektur.se\/news\/"},{"@type":"ListItem","position":3,"name":"D\u00e4r visioner m\u00f6ts"}]},{"@type":"WebSite","@id":"https:\/\/www.mareldarkitektur.se\/#website","url":"https:\/\/www.mareldarkitektur.se\/","name":"Mareldarkitektur","description":"Vi arbetar med projekt i olika skalor, i flera l\u00e4nder - men alltid med samma passion och engagemang. H\u00e4r \u00e4r ett urval av dem som vi \u00e4r mest stolta \u00f6ver.","potentialAction":[{"@type":"SearchAction","target":{"@type":"EntryPoint","urlTemplate":"https:\/\/www.mareldarkitektur.se\/?s={search_term_string}"},"query-input":{"@type":"PropertyValueSpecification","valueRequired":true,"valueName":"search_term_string"}}],"inLanguage":"sv-SE"}]}},"_links":{"self":[{"href":"https:\/\/www.mareldarkitektur.se\/sv\/wp-json\/wp\/v2\/news\/1380","targetHints":{"allow":["GET"]}}],"collection":[{"href":"https:\/\/www.mareldarkitektur.se\/sv\/wp-json\/wp\/v2\/news"}],"about":[{"href":"https:\/\/www.mareldarkitektur.se\/sv\/wp-json\/wp\/v2\/types\/news"}],"wp:attachment":[{"href":"https:\/\/www.mareldarkitektur.se\/sv\/wp-json\/wp\/v2\/media?parent=1380"}],"wp:term":[{"taxonomy":"category","embeddable":true,"href":"https:\/\/www.mareldarkitektur.se\/sv\/wp-json\/wp\/v2\/categories?post=1380"}],"curies":[{"name":"wp","href":"https:\/\/api.w.org\/{rel}","templated":true}]}}