{"id":1347,"date":"2024-04-22T06:56:23","date_gmt":"2024-04-22T06:56:23","guid":{"rendered":"https:\/\/www.mareldarkitektur.se\/?post_type=news&#038;p=1347"},"modified":"2024-04-23T12:36:49","modified_gmt":"2024-04-23T12:36:49","slug":"vi-brinner-for-pedagogiska-utemiljoer","status":"publish","type":"news","link":"https:\/\/www.mareldarkitektur.se\/sv\/news\/vi-brinner-for-pedagogiska-utemiljoer\/","title":{"rendered":"Vi brinner f\u00f6r pedagogiska utemilj\u00f6er"},"content":{"rendered":"<img loading=\"lazy\" decoding=\"async\" src=\"https:\/\/www.mareldarkitektur.se\/wp-content\/uploads\/2024\/04\/karta-m-text2.png\" alt=\"MARELD har arbetat med ett 30-tal f\u00f6rskole- och skolg\u00e5rdsprojekt genom \u00e5ren. De rosa bubblorna \u00e4r p\u00e5g\u00e5ende projekt.\" itemprop=\"image\" height=\"1050\" width=\"1280\" title=\"karta m text2\" onerror=\"this.style.display='none'\"  \/>\n\t\tMARELD har arbetat med ett 30-tal f\u00f6rskole- och skolg\u00e5rdsprojekt genom \u00e5ren. De rosa bubblorna \u00e4r p\u00e5g\u00e5ende projekt.\n\t<p>MARELD brinner f\u00f6r att skapa kreativa lekmilj\u00f6er f\u00f6r barn och unga. Genom \u00e5ren har det blivit ett 30-tal projekt som p\u00e5 olika s\u00e4tt s\u00e4tter barnens lek och l\u00e4rande i fokus. Med utg\u00e5ngspunkt i landskapet och platsens f\u00f6ruts\u00e4ttningar skapas unika lekv\u00e4rden. Vi anv\u00e4nder platsens topografi, v\u00e4xter, jord och vatten och skapar stimulerande och pedagogiska utemilj\u00f6er f\u00f6r alla \u00e5ldrar.<\/p>\n<p>Vi arbetar med \u00e5terbruk (l\u00e4s \u00c5terbrukshandboken) <a href=\"https:\/\/www.mareldarkitektur.se\/sv\/publikationslista\/\">h\u00e4r<\/a>) och minimala klimatavtryck, vilket \u00e4ven leder till l\u00e5g ekonomi och driftkostnad. Genom delaktighet och samskapande kan vi g\u00f6ra upprustningen av skolg\u00e5rden till ett pedagogiskt moment &#8211; samtidigt som vi f\u00e5r v\u00e4rdefull input fr\u00e5n l\u00e4rare och elever.<\/p>\n<p>Flertalet av projekten \u00e4r f\u00e4rdigst\u00e4llda och anv\u00e4nds nu flitigt av sm\u00e5 som stora f\u00f6tter, det \u00e4r vi glada och stolta \u00f6ver.<\/p>\n\t\t\t\t<img loading=\"lazy\" decoding=\"async\" src=\"https:\/\/www.mareldarkitektur.se\/wp-content\/uploads\/2023\/10\/aterbruksbok2-4.jpg\" alt=\"\u00c5terbrukshandboken framtagen av MARELD\" itemprop=\"image\" height=\"715\" width=\"881\" title=\"\u00e5terbruksbok2\" onerror=\"this.style.display='none'\"  \/>\n\t\t\u00c5terbrukshandboken framtagen av MARELD\n\t\t\t\t<img loading=\"lazy\" decoding=\"async\" src=\"https:\/\/www.mareldarkitektur.se\/wp-content\/uploads\/2024\/04\/Isak_Brodin_3-scaled.jpg\" alt=\"Isak_Brodin_3\" itemprop=\"image\" height=\"1707\" width=\"2560\" title=\"Isak_Brodin_3\" onerror=\"this.style.display='none'\"  \/>\n\t\t\t\t<img loading=\"lazy\" decoding=\"async\" src=\"https:\/\/www.mareldarkitektur.se\/wp-content\/uploads\/2024\/04\/DSCF2888-HDR-scaled.jpg\" alt=\"DSCF2888-HDR\" itemprop=\"image\" height=\"1707\" width=\"2560\" title=\"DSCF2888-HDR\" onerror=\"this.style.display='none'\"  \/>\n\t\t\t\t<img loading=\"lazy\" decoding=\"async\" src=\"https:\/\/www.mareldarkitektur.se\/wp-content\/uploads\/2024\/04\/DSCF2870-HDR-scaled.jpg\" alt=\"DSCF2870-HDR\" itemprop=\"image\" height=\"1707\" width=\"2560\" title=\"DSCF2870-HDR\" onerror=\"this.style.display='none'\"  \/>\n\t<p>F\u00f6rskolan Hoppet &#8211; ett innovationsprojekt f\u00f6r fossilfri byggnation. Samverkan med G\u00f6teborgs Stad, Derome, Link arkitektur m fl.<\/p>\n<p>I detta projekt har klimatp\u00e5verkan varit styrande f\u00f6r gestaltningen. Det inneb\u00e4r att alla designbeslut har v\u00e4gts mot dess milj\u00f6m\u00e4ssiga p\u00e5verkan. \u00c4ven tv\u00e4rtom, d\u00e4r milj\u00f6m\u00e4ssiga utmaningar l\u00f6sts med god gestaltning. P\u00e5 det s\u00e4ttet har vi arbetat med gestaltning i symbios med klimatp\u00e5verkan, vilket vi kallar h\u00e5llbar arkitektur.<\/p>\n\t\t\t\t<img loading=\"lazy\" decoding=\"async\" src=\"https:\/\/www.mareldarkitektur.se\/wp-content\/uploads\/2024\/04\/b0f7c740897fb4ef388da742164d04d6.jpg\" alt=\"Uppbyggnad av vilda zonen p\u00e5 Berguven f\u00f6rskola. Samarbete med Wahlstr\u00f6m Steijner.\" itemprop=\"image\" height=\"1365\" width=\"2048\" title=\"b0f7c740897fb4ef388da742164d04d6\" onerror=\"this.style.display='none'\"  \/>\n\t\tUppbyggnad av vilda zonen p\u00e5 Berguven f\u00f6rskola. Samarbete med Wahlstr\u00f6m Steijner.\n\t\t\t\t<img loading=\"lazy\" decoding=\"async\" src=\"https:\/\/www.mareldarkitektur.se\/wp-content\/uploads\/2024\/04\/fbced5b38ad4bbbd037f535c3cb39cd9-1.jpg\" alt=\"Konstn\u00e4rlig gestaltning i form av runskrift p\u00e5 framtaget berg i dagen.\" itemprop=\"image\" height=\"2048\" width=\"1365\" title=\"fbced5b38ad4bbbd037f535c3cb39cd9\" onerror=\"this.style.display='none'\"  \/>\n\t\tKonstn\u00e4rlig gestaltning i form av runskrift p\u00e5 framtaget berg i dagen.\n\t\t\t\t<img loading=\"lazy\" decoding=\"async\" src=\"https:\/\/www.mareldarkitektur.se\/wp-content\/uploads\/2024\/04\/Lind-Hutchins-1-1.jpg\" alt=\"Vintrig vy \u00f6ver \u00d6xeryd f\u00f6rskola. Partneringentreprenad med GBJ Bygg och KAKA Arkitekter.\" itemprop=\"image\" height=\"1371\" width=\"1920\" title=\"Lind Hutchins\" onerror=\"this.style.display='none'\"  \/>\n\t\tVintrig vy \u00f6ver \u00d6xeryd f\u00f6rskola. Partneringentreprenad med GBJ Bygg och KAKA Arkitekter.\n\t\t\t\t<img loading=\"lazy\" decoding=\"async\" src=\"https:\/\/www.mareldarkitektur.se\/wp-content\/uploads\/2024\/04\/Oxeryd-forskola-31.jpg\" alt=\"\u00d6xeryd F\u00f6rskolaKaka arkitekter\" itemprop=\"image\" height=\"2088\" width=\"2560\" title=\"\u00d6xeryd F\u00f6rskolaKaka arkitekter\" onerror=\"this.style.display='none'\"  \/>\n\t\t\t\t<img loading=\"lazy\" decoding=\"async\" src=\"https:\/\/www.mareldarkitektur.se\/wp-content\/uploads\/2024\/04\/Oxeryd-forskola-04.jpg\" alt=\"Foto: Bert Leandersson Bert Leandersson\" itemprop=\"image\" height=\"2515\" width=\"2560\" title=\"\u00d6xeryds f\u00f6rskola 04\" onerror=\"this.style.display='none'\"  \/>","protected":false},"excerpt":{"rendered":"<p>MARELD har arbetat med ett 30-tal f\u00f6rskole- och skolg\u00e5rdsprojekt genom \u00e5ren.<\/p>","protected":false},"template":"","categories":[],"class_list":["post-1347","news","type-news","status-publish","hentry"],"acf":[],"yoast_head":"<!-- This site is optimized with the Yoast SEO plugin v27.5 - https:\/\/yoast.com\/product\/yoast-seo-wordpress\/ -->\n<title>Vi brinner f\u00f6r pedagogiska utemilj\u00f6er - Mareldarkitektur<\/title>\n<meta name=\"robots\" content=\"index, follow, max-snippet:-1, max-image-preview:large, max-video-preview:-1\" \/>\n<link rel=\"canonical\" href=\"https:\/\/www.mareldarkitektur.se\/sv\/nyheter\/vi-brinner-for-pedagogiska-utemiljoer\/\" \/>\n<meta property=\"og:locale\" content=\"sv_SE\" \/>\n<meta property=\"og:type\" content=\"article\" \/>\n<meta property=\"og:title\" content=\"Vi brinner f\u00f6r pedagogiska utemilj\u00f6er - Mareldarkitektur\" \/>\n<meta property=\"og:description\" content=\"MARELD har arbetat med ett 30-tal f\u00f6rskole- och skolg\u00e5rdsprojekt genom \u00e5ren.\" \/>\n<meta property=\"og:url\" content=\"https:\/\/www.mareldarkitektur.se\/sv\/nyheter\/vi-brinner-for-pedagogiska-utemiljoer\/\" \/>\n<meta property=\"og:site_name\" content=\"Mareldarkitektur\" \/>\n<meta property=\"article:modified_time\" content=\"2024-04-23T12:36:49+00:00\" \/>\n<meta property=\"og:image\" content=\"https:\/\/www.mareldarkitektur.se\/wp-content\/uploads\/2024\/04\/karta-m-text2.png\" \/>\n<meta name=\"twitter:card\" content=\"summary_large_image\" \/>\n<meta name=\"twitter:label1\" content=\"Ber\u00e4knad l\u00e4stid\" \/>\n\t<meta name=\"twitter:data1\" content=\"4 minuter\" \/>\n<script type=\"application\/ld+json\" class=\"yoast-schema-graph\">{\"@context\":\"https:\\\/\\\/schema.org\",\"@graph\":[{\"@type\":\"WebPage\",\"@id\":\"https:\\\/\\\/www.mareldarkitektur.se\\\/news\\\/vi-brinner-for-pedagogiska-utemiljoer\\\/\",\"url\":\"https:\\\/\\\/www.mareldarkitektur.se\\\/news\\\/vi-brinner-for-pedagogiska-utemiljoer\\\/\",\"name\":\"Vi brinner f\u00f6r pedagogiska utemilj\u00f6er - Mareldarkitektur\",\"isPartOf\":{\"@id\":\"https:\\\/\\\/www.mareldarkitektur.se\\\/#website\"},\"primaryImageOfPage\":{\"@id\":\"https:\\\/\\\/www.mareldarkitektur.se\\\/news\\\/vi-brinner-for-pedagogiska-utemiljoer\\\/#primaryimage\"},\"image\":{\"@id\":\"https:\\\/\\\/www.mareldarkitektur.se\\\/news\\\/vi-brinner-for-pedagogiska-utemiljoer\\\/#primaryimage\"},\"thumbnailUrl\":\"https:\\\/\\\/www.mareldarkitektur.se\\\/wp-content\\\/uploads\\\/2024\\\/04\\\/karta-m-text2.png\",\"datePublished\":\"2024-04-22T06:56:23+00:00\",\"dateModified\":\"2024-04-23T12:36:49+00:00\",\"breadcrumb\":{\"@id\":\"https:\\\/\\\/www.mareldarkitektur.se\\\/news\\\/vi-brinner-for-pedagogiska-utemiljoer\\\/#breadcrumb\"},\"inLanguage\":\"sv-SE\",\"potentialAction\":[{\"@type\":\"ReadAction\",\"target\":[\"https:\\\/\\\/www.mareldarkitektur.se\\\/news\\\/vi-brinner-for-pedagogiska-utemiljoer\\\/\"]}]},{\"@type\":\"ImageObject\",\"inLanguage\":\"sv-SE\",\"@id\":\"https:\\\/\\\/www.mareldarkitektur.se\\\/news\\\/vi-brinner-for-pedagogiska-utemiljoer\\\/#primaryimage\",\"url\":\"https:\\\/\\\/www.mareldarkitektur.se\\\/wp-content\\\/uploads\\\/2024\\\/04\\\/karta-m-text2.png\",\"contentUrl\":\"https:\\\/\\\/www.mareldarkitektur.se\\\/wp-content\\\/uploads\\\/2024\\\/04\\\/karta-m-text2.png\"},{\"@type\":\"BreadcrumbList\",\"@id\":\"https:\\\/\\\/www.mareldarkitektur.se\\\/news\\\/vi-brinner-for-pedagogiska-utemiljoer\\\/#breadcrumb\",\"itemListElement\":[{\"@type\":\"ListItem\",\"position\":1,\"name\":\"Home\",\"item\":\"https:\\\/\\\/www.mareldarkitektur.se\\\/\"},{\"@type\":\"ListItem\",\"position\":2,\"name\":\"News\",\"item\":\"https:\\\/\\\/www.mareldarkitektur.se\\\/news\\\/\"},{\"@type\":\"ListItem\",\"position\":3,\"name\":\"Vi brinner f\u00f6r pedagogiska utemilj\u00f6er\"}]},{\"@type\":\"WebSite\",\"@id\":\"https:\\\/\\\/www.mareldarkitektur.se\\\/#website\",\"url\":\"https:\\\/\\\/www.mareldarkitektur.se\\\/\",\"name\":\"Mareldarkitektur\",\"description\":\"We work with projects on various scales, in several countries - but always with the same passion and dedication. Here is a selection of the ones that we are the most proud of.\",\"potentialAction\":[{\"@type\":\"SearchAction\",\"target\":{\"@type\":\"EntryPoint\",\"urlTemplate\":\"https:\\\/\\\/www.mareldarkitektur.se\\\/?s={search_term_string}\"},\"query-input\":{\"@type\":\"PropertyValueSpecification\",\"valueRequired\":true,\"valueName\":\"search_term_string\"}}],\"inLanguage\":\"sv-SE\"}]}<\/script>\n<!-- \/ Yoast SEO plugin. -->","yoast_head_json":{"title":"Vi brinner f\u00f6r pedagogiska utemilj\u00f6er - Mareldarkitektur","robots":{"index":"index","follow":"follow","max-snippet":"max-snippet:-1","max-image-preview":"max-image-preview:large","max-video-preview":"max-video-preview:-1"},"canonical":"https:\/\/www.mareldarkitektur.se\/sv\/nyheter\/vi-brinner-for-pedagogiska-utemiljoer\/","og_locale":"sv_SE","og_type":"article","og_title":"Vi brinner f\u00f6r pedagogiska utemilj\u00f6er - Mareldarkitektur","og_description":"MARELD har arbetat med ett 30-tal f\u00f6rskole- och skolg\u00e5rdsprojekt genom \u00e5ren.","og_url":"https:\/\/www.mareldarkitektur.se\/sv\/nyheter\/vi-brinner-for-pedagogiska-utemiljoer\/","og_site_name":"Mareldarkitektur","article_modified_time":"2024-04-23T12:36:49+00:00","og_image":[{"url":"https:\/\/www.mareldarkitektur.se\/wp-content\/uploads\/2024\/04\/karta-m-text2.png","type":"","width":"","height":""}],"twitter_card":"summary_large_image","twitter_misc":{"Ber\u00e4knad l\u00e4stid":"4 minuter"},"schema":{"@context":"https:\/\/schema.org","@graph":[{"@type":"WebPage","@id":"https:\/\/www.mareldarkitektur.se\/news\/vi-brinner-for-pedagogiska-utemiljoer\/","url":"https:\/\/www.mareldarkitektur.se\/news\/vi-brinner-for-pedagogiska-utemiljoer\/","name":"Vi brinner f\u00f6r pedagogiska utemilj\u00f6er - Mareldarkitektur","isPartOf":{"@id":"https:\/\/www.mareldarkitektur.se\/#website"},"primaryImageOfPage":{"@id":"https:\/\/www.mareldarkitektur.se\/news\/vi-brinner-for-pedagogiska-utemiljoer\/#primaryimage"},"image":{"@id":"https:\/\/www.mareldarkitektur.se\/news\/vi-brinner-for-pedagogiska-utemiljoer\/#primaryimage"},"thumbnailUrl":"https:\/\/www.mareldarkitektur.se\/wp-content\/uploads\/2024\/04\/karta-m-text2.png","datePublished":"2024-04-22T06:56:23+00:00","dateModified":"2024-04-23T12:36:49+00:00","breadcrumb":{"@id":"https:\/\/www.mareldarkitektur.se\/news\/vi-brinner-for-pedagogiska-utemiljoer\/#breadcrumb"},"inLanguage":"sv-SE","potentialAction":[{"@type":"ReadAction","target":["https:\/\/www.mareldarkitektur.se\/news\/vi-brinner-for-pedagogiska-utemiljoer\/"]}]},{"@type":"ImageObject","inLanguage":"sv-SE","@id":"https:\/\/www.mareldarkitektur.se\/news\/vi-brinner-for-pedagogiska-utemiljoer\/#primaryimage","url":"https:\/\/www.mareldarkitektur.se\/wp-content\/uploads\/2024\/04\/karta-m-text2.png","contentUrl":"https:\/\/www.mareldarkitektur.se\/wp-content\/uploads\/2024\/04\/karta-m-text2.png"},{"@type":"BreadcrumbList","@id":"https:\/\/www.mareldarkitektur.se\/news\/vi-brinner-for-pedagogiska-utemiljoer\/#breadcrumb","itemListElement":[{"@type":"ListItem","position":1,"name":"Home","item":"https:\/\/www.mareldarkitektur.se\/"},{"@type":"ListItem","position":2,"name":"News","item":"https:\/\/www.mareldarkitektur.se\/news\/"},{"@type":"ListItem","position":3,"name":"Vi brinner f\u00f6r pedagogiska utemilj\u00f6er"}]},{"@type":"WebSite","@id":"https:\/\/www.mareldarkitektur.se\/#website","url":"https:\/\/www.mareldarkitektur.se\/","name":"Mareldarkitektur","description":"Vi arbetar med projekt i olika skalor, i flera l\u00e4nder - men alltid med samma passion och engagemang. H\u00e4r \u00e4r ett urval av dem som vi \u00e4r mest stolta \u00f6ver.","potentialAction":[{"@type":"SearchAction","target":{"@type":"EntryPoint","urlTemplate":"https:\/\/www.mareldarkitektur.se\/?s={search_term_string}"},"query-input":{"@type":"PropertyValueSpecification","valueRequired":true,"valueName":"search_term_string"}}],"inLanguage":"sv-SE"}]}},"_links":{"self":[{"href":"https:\/\/www.mareldarkitektur.se\/sv\/wp-json\/wp\/v2\/news\/1347","targetHints":{"allow":["GET"]}}],"collection":[{"href":"https:\/\/www.mareldarkitektur.se\/sv\/wp-json\/wp\/v2\/news"}],"about":[{"href":"https:\/\/www.mareldarkitektur.se\/sv\/wp-json\/wp\/v2\/types\/news"}],"wp:attachment":[{"href":"https:\/\/www.mareldarkitektur.se\/sv\/wp-json\/wp\/v2\/media?parent=1347"}],"wp:term":[{"taxonomy":"category","embeddable":true,"href":"https:\/\/www.mareldarkitektur.se\/sv\/wp-json\/wp\/v2\/categories?post=1347"}],"curies":[{"name":"wp","href":"https:\/\/api.w.org\/{rel}","templated":true}]}}