{"id":1220,"date":"2024-03-01T16:00:48","date_gmt":"2024-03-01T16:00:48","guid":{"rendered":"https:\/\/www.mareldarkitektur.se\/?post_type=news&#038;p=1220"},"modified":"2024-03-01T16:01:13","modified_gmt":"2024-03-01T16:01:13","slug":"mareld-akademi","status":"publish","type":"news","link":"https:\/\/www.mareldarkitektur.se\/sv\/news\/mareld-akademi\/","title":{"rendered":"Mareld Akademi"},"content":{"rendered":"<p>En g\u00e5ng i m\u00e5naden f\u00f6rdjupar vi p\u00e5 Mareld oss i ett \u00e4mne som n\u00e5gon av v\u00e5ra temagrupper eller studios Urban Design eller Landscape Design v\u00e4ljer. Det kan handla om gestaltning, teknik eller h\u00e5llbarhet, eller en aktuell fr\u00e5ga inom arkitektur och stadsbyggnad. Vi kallar det Akademi, d\u00e4r alla n\u00e4rvarar fr\u00e5n \u00d6resund, G\u00f6teborg, Stockholm och \u00d6stersund. Workshops, skissande och diskussion v\u00e4cker nyfikenhet och inspirerar oss i v\u00e5rt arbete!<\/p>\n<p>&nbsp;<\/p>\n<p>Vid det senaste tillf\u00e4llet visade v\u00e5r CityLab-samordnare Emma Lindberg CityLab-manualen 4.0 och vi diskuterade vad den betyder f\u00f6r oss och hur vi kan anv\u00e4nda den f\u00f6r att skapa god stadsbyggnad. Vi har ocks\u00e5 anv\u00e4nt tillf\u00e4llet till att arbeta med Marelds gestaltningsmetod och att diskutera vad form \u00e4r. Alla tillf\u00e4llen ber\u00f6r viktiga och engagerande \u00e4mnen!<\/p>","protected":false},"excerpt":{"rendered":"<p>Tillsammans blir vi mer kreativa och engagerade!<\/p>","protected":false},"template":"","categories":[],"class_list":["post-1220","news","type-news","status-publish","hentry"],"acf":[],"yoast_head":"<!-- This site is optimized with the Yoast SEO plugin v27.5 - https:\/\/yoast.com\/product\/yoast-seo-wordpress\/ -->\n<title>Mareld Akademi - Mareldarkitektur<\/title>\n<meta name=\"robots\" content=\"index, follow, max-snippet:-1, max-image-preview:large, max-video-preview:-1\" \/>\n<link rel=\"canonical\" href=\"https:\/\/www.mareldarkitektur.se\/sv\/nyheter\/mareld-akademi\/\" \/>\n<meta property=\"og:locale\" content=\"sv_SE\" \/>\n<meta property=\"og:type\" content=\"article\" \/>\n<meta property=\"og:title\" content=\"Mareld Akademi - Mareldarkitektur\" \/>\n<meta property=\"og:description\" content=\"Tillsammans blir vi mer kreativa och engagerade!\" \/>\n<meta property=\"og:url\" content=\"https:\/\/www.mareldarkitektur.se\/sv\/nyheter\/mareld-akademi\/\" \/>\n<meta property=\"og:site_name\" content=\"Mareldarkitektur\" \/>\n<meta property=\"article:modified_time\" content=\"2024-03-01T16:01:13+00:00\" \/>\n<meta name=\"twitter:card\" content=\"summary_large_image\" \/>\n<meta name=\"twitter:label1\" content=\"Ber\u00e4knad l\u00e4stid\" \/>\n\t<meta name=\"twitter:data1\" content=\"1 minut\" \/>\n<script type=\"application\/ld+json\" class=\"yoast-schema-graph\">{\"@context\":\"https:\\\/\\\/schema.org\",\"@graph\":[{\"@type\":\"WebPage\",\"@id\":\"https:\\\/\\\/www.mareldarkitektur.se\\\/news\\\/mareld-akademi\\\/\",\"url\":\"https:\\\/\\\/www.mareldarkitektur.se\\\/news\\\/mareld-akademi\\\/\",\"name\":\"Mareld Akademi - Mareldarkitektur\",\"isPartOf\":{\"@id\":\"https:\\\/\\\/www.mareldarkitektur.se\\\/#website\"},\"datePublished\":\"2024-03-01T16:00:48+00:00\",\"dateModified\":\"2024-03-01T16:01:13+00:00\",\"breadcrumb\":{\"@id\":\"https:\\\/\\\/www.mareldarkitektur.se\\\/news\\\/mareld-akademi\\\/#breadcrumb\"},\"inLanguage\":\"sv-SE\",\"potentialAction\":[{\"@type\":\"ReadAction\",\"target\":[\"https:\\\/\\\/www.mareldarkitektur.se\\\/news\\\/mareld-akademi\\\/\"]}]},{\"@type\":\"BreadcrumbList\",\"@id\":\"https:\\\/\\\/www.mareldarkitektur.se\\\/news\\\/mareld-akademi\\\/#breadcrumb\",\"itemListElement\":[{\"@type\":\"ListItem\",\"position\":1,\"name\":\"Home\",\"item\":\"https:\\\/\\\/www.mareldarkitektur.se\\\/\"},{\"@type\":\"ListItem\",\"position\":2,\"name\":\"News\",\"item\":\"https:\\\/\\\/www.mareldarkitektur.se\\\/news\\\/\"},{\"@type\":\"ListItem\",\"position\":3,\"name\":\"Mareld Akademi\"}]},{\"@type\":\"WebSite\",\"@id\":\"https:\\\/\\\/www.mareldarkitektur.se\\\/#website\",\"url\":\"https:\\\/\\\/www.mareldarkitektur.se\\\/\",\"name\":\"Mareldarkitektur\",\"description\":\"We work with projects on various scales, in several countries - but always with the same passion and dedication. Here is a selection of the ones that we are the most proud of.\",\"potentialAction\":[{\"@type\":\"SearchAction\",\"target\":{\"@type\":\"EntryPoint\",\"urlTemplate\":\"https:\\\/\\\/www.mareldarkitektur.se\\\/?s={search_term_string}\"},\"query-input\":{\"@type\":\"PropertyValueSpecification\",\"valueRequired\":true,\"valueName\":\"search_term_string\"}}],\"inLanguage\":\"sv-SE\"}]}<\/script>\n<!-- \/ Yoast SEO plugin. -->","yoast_head_json":{"title":"Mareld Akademi - Mareldarkitektur","robots":{"index":"index","follow":"follow","max-snippet":"max-snippet:-1","max-image-preview":"max-image-preview:large","max-video-preview":"max-video-preview:-1"},"canonical":"https:\/\/www.mareldarkitektur.se\/sv\/nyheter\/mareld-akademi\/","og_locale":"sv_SE","og_type":"article","og_title":"Mareld Akademi - Mareldarkitektur","og_description":"Tillsammans blir vi mer kreativa och engagerade!","og_url":"https:\/\/www.mareldarkitektur.se\/sv\/nyheter\/mareld-akademi\/","og_site_name":"Mareldarkitektur","article_modified_time":"2024-03-01T16:01:13+00:00","twitter_card":"summary_large_image","twitter_misc":{"Ber\u00e4knad l\u00e4stid":"1 minut"},"schema":{"@context":"https:\/\/schema.org","@graph":[{"@type":"WebPage","@id":"https:\/\/www.mareldarkitektur.se\/news\/mareld-akademi\/","url":"https:\/\/www.mareldarkitektur.se\/news\/mareld-akademi\/","name":"Mareld Akademi - Mareldarkitektur","isPartOf":{"@id":"https:\/\/www.mareldarkitektur.se\/#website"},"datePublished":"2024-03-01T16:00:48+00:00","dateModified":"2024-03-01T16:01:13+00:00","breadcrumb":{"@id":"https:\/\/www.mareldarkitektur.se\/news\/mareld-akademi\/#breadcrumb"},"inLanguage":"sv-SE","potentialAction":[{"@type":"ReadAction","target":["https:\/\/www.mareldarkitektur.se\/news\/mareld-akademi\/"]}]},{"@type":"BreadcrumbList","@id":"https:\/\/www.mareldarkitektur.se\/news\/mareld-akademi\/#breadcrumb","itemListElement":[{"@type":"ListItem","position":1,"name":"Home","item":"https:\/\/www.mareldarkitektur.se\/"},{"@type":"ListItem","position":2,"name":"News","item":"https:\/\/www.mareldarkitektur.se\/news\/"},{"@type":"ListItem","position":3,"name":"Mareld Akademi"}]},{"@type":"WebSite","@id":"https:\/\/www.mareldarkitektur.se\/#website","url":"https:\/\/www.mareldarkitektur.se\/","name":"Mareldarkitektur","description":"Vi arbetar med projekt i olika skalor, i flera l\u00e4nder - men alltid med samma passion och engagemang. H\u00e4r \u00e4r ett urval av dem som vi \u00e4r mest stolta \u00f6ver.","potentialAction":[{"@type":"SearchAction","target":{"@type":"EntryPoint","urlTemplate":"https:\/\/www.mareldarkitektur.se\/?s={search_term_string}"},"query-input":{"@type":"PropertyValueSpecification","valueRequired":true,"valueName":"search_term_string"}}],"inLanguage":"sv-SE"}]}},"_links":{"self":[{"href":"https:\/\/www.mareldarkitektur.se\/sv\/wp-json\/wp\/v2\/news\/1220","targetHints":{"allow":["GET"]}}],"collection":[{"href":"https:\/\/www.mareldarkitektur.se\/sv\/wp-json\/wp\/v2\/news"}],"about":[{"href":"https:\/\/www.mareldarkitektur.se\/sv\/wp-json\/wp\/v2\/types\/news"}],"wp:attachment":[{"href":"https:\/\/www.mareldarkitektur.se\/sv\/wp-json\/wp\/v2\/media?parent=1220"}],"wp:term":[{"taxonomy":"category","embeddable":true,"href":"https:\/\/www.mareldarkitektur.se\/sv\/wp-json\/wp\/v2\/categories?post=1220"}],"curies":[{"name":"wp","href":"https:\/\/api.w.org\/{rel}","templated":true}]}}