{"id":1217,"date":"2024-02-23T08:06:06","date_gmt":"2024-02-23T08:06:06","guid":{"rendered":"https:\/\/www.mareldarkitektur.se\/?post_type=news&#038;p=1217"},"modified":"2024-03-14T21:09:07","modified_gmt":"2024-03-14T21:09:07","slug":"mareld-i-toppen","status":"publish","type":"news","link":"https:\/\/www.mareldarkitektur.se\/sv\/news\/mareld-med-i-toppen\/","title":{"rendered":"Mareld med i toppen!"},"content":{"rendered":"<p>Mareld i topp n\u00e4r det g\u00e4ller markanvisningst\u00e4vlingar under 2023. Ett av projekten \u00e4r nybyggnation av flerbostadshus, N\u00e4st\u00e5s p\u00e5 H\u00f6n\u00f6, detta tillsammans med Erseus och FO Peterson.<\/p>\n<p>Bland arkitekter i markanvisningst\u00e4vlingar var det Kaminsky som hade st\u00f6rst framg\u00e5ng, med \u00e5tta vinster under 2023. P\u00e5 andra med tv\u00e5 t\u00e4vlingsvinster vardera \u00e5terfinns Fojab, Inobi, Liljewall, Mareld, Okidoki, Semr\u00e9n &amp; M\u00e5nsson samt White Arkitekter.<\/p>\n<p>L\u00e4s hela artikeln fr\u00e5n Fastighetsv\u00e4rlden: <a href=\"https:\/\/www.fastighetsvarlden.se\/notiser\/markanvisningsaret-2023-vem-fick-marken\/?utm_source=linkedin&amp;utm_medium=social&amp;utm_campaign=fastighetsvarlden&amp;utm_content=entry\">Markanvisnings\u00e5ret 2023 \u2013 Vem fick marken? | Fastighetsv\u00e4rlden (fastighetsvarlden.se)<\/a><\/p>","protected":false},"excerpt":{"rendered":"<p>Mareld i topp n\u00e4r det g\u00e4ller vinster av markanvisningst\u00e4vlingar under 2023.<\/p>","protected":false},"template":"","categories":[],"class_list":["post-1217","news","type-news","status-publish","hentry"],"acf":[],"yoast_head":"<!-- This site is optimized with the Yoast SEO plugin v27.5 - https:\/\/yoast.com\/product\/yoast-seo-wordpress\/ -->\n<title>Mareld med i toppen! - Mareldarkitektur<\/title>\n<meta name=\"robots\" content=\"index, follow, max-snippet:-1, max-image-preview:large, max-video-preview:-1\" \/>\n<link rel=\"canonical\" href=\"https:\/\/www.mareldarkitektur.se\/sv\/nyheter\/mareld-i-toppen\/\" \/>\n<meta property=\"og:locale\" content=\"sv_SE\" \/>\n<meta property=\"og:type\" content=\"article\" \/>\n<meta property=\"og:title\" content=\"Mareld med i toppen! - Mareldarkitektur\" \/>\n<meta property=\"og:description\" content=\"Mareld i topp n\u00e4r det g\u00e4ller vinster av markanvisningst\u00e4vlingar under 2023.\" \/>\n<meta property=\"og:url\" content=\"https:\/\/www.mareldarkitektur.se\/sv\/nyheter\/mareld-i-toppen\/\" \/>\n<meta property=\"og:site_name\" content=\"Mareldarkitektur\" \/>\n<meta property=\"article:modified_time\" content=\"2024-03-14T21:09:07+00:00\" \/>\n<meta name=\"twitter:card\" content=\"summary_large_image\" \/>\n<meta name=\"twitter:label1\" content=\"Ber\u00e4knad l\u00e4stid\" \/>\n\t<meta name=\"twitter:data1\" content=\"1 minut\" \/>\n<script type=\"application\/ld+json\" class=\"yoast-schema-graph\">{\"@context\":\"https:\\\/\\\/schema.org\",\"@graph\":[{\"@type\":\"WebPage\",\"@id\":\"https:\\\/\\\/www.mareldarkitektur.se\\\/news\\\/mareld-med-i-toppen\\\/\",\"url\":\"https:\\\/\\\/www.mareldarkitektur.se\\\/news\\\/mareld-med-i-toppen\\\/\",\"name\":\"Mareld med i toppen! - Mareldarkitektur\",\"isPartOf\":{\"@id\":\"https:\\\/\\\/www.mareldarkitektur.se\\\/#website\"},\"datePublished\":\"2024-02-23T08:06:06+00:00\",\"dateModified\":\"2024-03-14T21:09:07+00:00\",\"breadcrumb\":{\"@id\":\"https:\\\/\\\/www.mareldarkitektur.se\\\/news\\\/mareld-med-i-toppen\\\/#breadcrumb\"},\"inLanguage\":\"sv-SE\",\"potentialAction\":[{\"@type\":\"ReadAction\",\"target\":[\"https:\\\/\\\/www.mareldarkitektur.se\\\/news\\\/mareld-med-i-toppen\\\/\"]}]},{\"@type\":\"BreadcrumbList\",\"@id\":\"https:\\\/\\\/www.mareldarkitektur.se\\\/news\\\/mareld-med-i-toppen\\\/#breadcrumb\",\"itemListElement\":[{\"@type\":\"ListItem\",\"position\":1,\"name\":\"Home\",\"item\":\"https:\\\/\\\/www.mareldarkitektur.se\\\/\"},{\"@type\":\"ListItem\",\"position\":2,\"name\":\"News\",\"item\":\"https:\\\/\\\/www.mareldarkitektur.se\\\/news\\\/\"},{\"@type\":\"ListItem\",\"position\":3,\"name\":\"Mareld med i toppen!\"}]},{\"@type\":\"WebSite\",\"@id\":\"https:\\\/\\\/www.mareldarkitektur.se\\\/#website\",\"url\":\"https:\\\/\\\/www.mareldarkitektur.se\\\/\",\"name\":\"Mareldarkitektur\",\"description\":\"We work with projects on various scales, in several countries - but always with the same passion and dedication. Here is a selection of the ones that we are the most proud of.\",\"potentialAction\":[{\"@type\":\"SearchAction\",\"target\":{\"@type\":\"EntryPoint\",\"urlTemplate\":\"https:\\\/\\\/www.mareldarkitektur.se\\\/?s={search_term_string}\"},\"query-input\":{\"@type\":\"PropertyValueSpecification\",\"valueRequired\":true,\"valueName\":\"search_term_string\"}}],\"inLanguage\":\"sv-SE\"}]}<\/script>\n<!-- \/ Yoast SEO plugin. -->","yoast_head_json":{"title":"Mareld i toppen! - Mareldarkitektur","robots":{"index":"index","follow":"follow","max-snippet":"max-snippet:-1","max-image-preview":"max-image-preview:large","max-video-preview":"max-video-preview:-1"},"canonical":"https:\/\/www.mareldarkitektur.se\/sv\/nyheter\/mareld-i-toppen\/","og_locale":"sv_SE","og_type":"article","og_title":"Mareld med i toppen! - Mareldarkitektur","og_description":"Mareld i topp n\u00e4r det g\u00e4ller vinster av markanvisningst\u00e4vlingar under 2023.","og_url":"https:\/\/www.mareldarkitektur.se\/sv\/nyheter\/mareld-i-toppen\/","og_site_name":"Mareldarkitektur","article_modified_time":"2024-03-14T21:09:07+00:00","twitter_card":"summary_large_image","twitter_misc":{"Ber\u00e4knad l\u00e4stid":"1 minut"},"schema":{"@context":"https:\/\/schema.org","@graph":[{"@type":"WebPage","@id":"https:\/\/www.mareldarkitektur.se\/news\/mareld-med-i-toppen\/","url":"https:\/\/www.mareldarkitektur.se\/news\/mareld-med-i-toppen\/","name":"Mareld i toppen! - Mareldarkitektur","isPartOf":{"@id":"https:\/\/www.mareldarkitektur.se\/#website"},"datePublished":"2024-02-23T08:06:06+00:00","dateModified":"2024-03-14T21:09:07+00:00","breadcrumb":{"@id":"https:\/\/www.mareldarkitektur.se\/news\/mareld-med-i-toppen\/#breadcrumb"},"inLanguage":"sv-SE","potentialAction":[{"@type":"ReadAction","target":["https:\/\/www.mareldarkitektur.se\/news\/mareld-med-i-toppen\/"]}]},{"@type":"BreadcrumbList","@id":"https:\/\/www.mareldarkitektur.se\/news\/mareld-med-i-toppen\/#breadcrumb","itemListElement":[{"@type":"ListItem","position":1,"name":"Home","item":"https:\/\/www.mareldarkitektur.se\/"},{"@type":"ListItem","position":2,"name":"News","item":"https:\/\/www.mareldarkitektur.se\/news\/"},{"@type":"ListItem","position":3,"name":"Mareld med i toppen!"}]},{"@type":"WebSite","@id":"https:\/\/www.mareldarkitektur.se\/#website","url":"https:\/\/www.mareldarkitektur.se\/","name":"Mareldarkitektur","description":"Vi arbetar med projekt i olika skalor, i flera l\u00e4nder - men alltid med samma passion och engagemang. H\u00e4r \u00e4r ett urval av dem som vi \u00e4r mest stolta \u00f6ver.","potentialAction":[{"@type":"SearchAction","target":{"@type":"EntryPoint","urlTemplate":"https:\/\/www.mareldarkitektur.se\/?s={search_term_string}"},"query-input":{"@type":"PropertyValueSpecification","valueRequired":true,"valueName":"search_term_string"}}],"inLanguage":"sv-SE"}]}},"_links":{"self":[{"href":"https:\/\/www.mareldarkitektur.se\/sv\/wp-json\/wp\/v2\/news\/1217","targetHints":{"allow":["GET"]}}],"collection":[{"href":"https:\/\/www.mareldarkitektur.se\/sv\/wp-json\/wp\/v2\/news"}],"about":[{"href":"https:\/\/www.mareldarkitektur.se\/sv\/wp-json\/wp\/v2\/types\/news"}],"wp:attachment":[{"href":"https:\/\/www.mareldarkitektur.se\/sv\/wp-json\/wp\/v2\/media?parent=1217"}],"wp:term":[{"taxonomy":"category","embeddable":true,"href":"https:\/\/www.mareldarkitektur.se\/sv\/wp-json\/wp\/v2\/categories?post=1217"}],"curies":[{"name":"wp","href":"https:\/\/api.w.org\/{rel}","templated":true}]}}