{"id":1191,"date":"2024-01-12T16:47:32","date_gmt":"2024-01-12T16:47:32","guid":{"rendered":"https:\/\/www.mareldarkitektur.se\/?post_type=news&#038;p=1191"},"modified":"2024-01-26T13:22:33","modified_gmt":"2024-01-26T13:22:33","slug":"en-battre-helhet","status":"publish","type":"news","link":"https:\/\/www.mareldarkitektur.se\/sv\/news\/en-battre-helhet\/","title":{"rendered":"Intervju med Oskar om ett breddat MARELD"},"content":{"rendered":"<p>Nya filialer runt om i Sverige, en \u201dUrban Design\u201d-studio och ny webbsida. Oskar Ivarsson, vad \u00e4r p\u00e5 g\u00e5ng p\u00e5 Mareld egentligen?<\/p>\n<p>&nbsp;<\/p>\n<p>Under de senaste 2-3 \u00e5ren har vi st\u00e4rkt och breddat v\u00e5r kompetens inom stadsbyggnad. V\u00e5r nya studio Urban Design har etablerat sig och numera har vi ett brett g\u00e4ng med erfarna planerare, arkitekter och landskapsarkitekter redo att ta sig an st\u00f6rre uppdrag.<\/p>\n<p>&nbsp;<\/p>\n<p>Det handlar om en breddning och f\u00f6rst\u00e4rkning av v\u00e5r f\u00f6rm\u00e5ga att gestalta livsmilj\u00f6er fr\u00e5n tidiga skeden till f\u00e4rdig anl\u00e4ggning - i alla skalor. Vi har insett att vi beh\u00f6ver vara med fr\u00e5n start f\u00f6r att s\u00e4kerst\u00e4lla kvalitet, h\u00e5llbarhet och m\u00e4nsklig skala. Nu kan vi ta en ledande roll och lotsa kunden genom hela planprocessen, p\u00e5 s\u00e5 s\u00e4tt kan vi n\u00e5 en b\u00e4ttre helhet.<\/p>\n<p>&nbsp;<\/p>\n<p>Idag \u00e4r vi p\u00e5 Mareld involverade i ett antal sp\u00e4nnande stadsbyggnadsprojekt d\u00e4r vi intar ledande roller. V\u00e5r nya hemsida visar p\u00e5 en \u00f6kad bredd d\u00e4r vi har med oss fler perspektiv f\u00f6r att kunna erbjuda h\u00e5llbara och design\u00e4kra l\u00f6sningar med platsen som utg\u00e5ngspunkt.<\/p>","protected":false},"excerpt":{"rendered":"<p>L\u00e4s intervju med Oskar, han ber\u00e4ttar om allt sp\u00e4nnande som h\u00e4nder p\u00e5 MARELD just nu!<\/p>","protected":false},"template":"","categories":[],"class_list":["post-1191","news","type-news","status-publish","hentry"],"acf":[],"yoast_head":"<!-- This site is optimized with the Yoast SEO plugin v27.5 - https:\/\/yoast.com\/product\/yoast-seo-wordpress\/ -->\n<title>Intervju med Oskar om ett breddat MARELD - Mareldarkitektur<\/title>\n<meta name=\"robots\" content=\"index, follow, max-snippet:-1, max-image-preview:large, max-video-preview:-1\" \/>\n<link rel=\"canonical\" href=\"https:\/\/www.mareldarkitektur.se\/sv\/nyheter\/en-battre-helhet\/\" \/>\n<meta property=\"og:locale\" content=\"sv_SE\" \/>\n<meta property=\"og:type\" content=\"article\" \/>\n<meta property=\"og:title\" content=\"Intervju med Oskar om ett breddat MARELD - Mareldarkitektur\" \/>\n<meta property=\"og:description\" content=\"L\u00e4s intervju med Oskar, han ber\u00e4ttar om allt sp\u00e4nnande som h\u00e4nder p\u00e5 MARELD just nu!\" \/>\n<meta property=\"og:url\" content=\"https:\/\/www.mareldarkitektur.se\/sv\/nyheter\/en-battre-helhet\/\" \/>\n<meta property=\"og:site_name\" content=\"Mareldarkitektur\" \/>\n<meta property=\"article:modified_time\" content=\"2024-01-26T13:22:33+00:00\" \/>\n<meta name=\"twitter:card\" content=\"summary_large_image\" \/>\n<meta name=\"twitter:label1\" content=\"Ber\u00e4knad l\u00e4stid\" \/>\n\t<meta name=\"twitter:data1\" content=\"1 minut\" \/>\n<script type=\"application\/ld+json\" class=\"yoast-schema-graph\">{\"@context\":\"https:\\\/\\\/schema.org\",\"@graph\":[{\"@type\":\"WebPage\",\"@id\":\"https:\\\/\\\/www.mareldarkitektur.se\\\/news\\\/en-battre-helhet\\\/\",\"url\":\"https:\\\/\\\/www.mareldarkitektur.se\\\/news\\\/en-battre-helhet\\\/\",\"name\":\"Intervju med Oskar om ett breddat MARELD - Mareldarkitektur\",\"isPartOf\":{\"@id\":\"https:\\\/\\\/www.mareldarkitektur.se\\\/#website\"},\"datePublished\":\"2024-01-12T16:47:32+00:00\",\"dateModified\":\"2024-01-26T13:22:33+00:00\",\"breadcrumb\":{\"@id\":\"https:\\\/\\\/www.mareldarkitektur.se\\\/news\\\/en-battre-helhet\\\/#breadcrumb\"},\"inLanguage\":\"sv-SE\",\"potentialAction\":[{\"@type\":\"ReadAction\",\"target\":[\"https:\\\/\\\/www.mareldarkitektur.se\\\/news\\\/en-battre-helhet\\\/\"]}]},{\"@type\":\"BreadcrumbList\",\"@id\":\"https:\\\/\\\/www.mareldarkitektur.se\\\/news\\\/en-battre-helhet\\\/#breadcrumb\",\"itemListElement\":[{\"@type\":\"ListItem\",\"position\":1,\"name\":\"Home\",\"item\":\"https:\\\/\\\/www.mareldarkitektur.se\\\/\"},{\"@type\":\"ListItem\",\"position\":2,\"name\":\"News\",\"item\":\"https:\\\/\\\/www.mareldarkitektur.se\\\/news\\\/\"},{\"@type\":\"ListItem\",\"position\":3,\"name\":\"Intervju med Oskar om ett breddat MARELD\"}]},{\"@type\":\"WebSite\",\"@id\":\"https:\\\/\\\/www.mareldarkitektur.se\\\/#website\",\"url\":\"https:\\\/\\\/www.mareldarkitektur.se\\\/\",\"name\":\"Mareldarkitektur\",\"description\":\"We work with projects on various scales, in several countries - but always with the same passion and dedication. Here is a selection of the ones that we are the most proud of.\",\"potentialAction\":[{\"@type\":\"SearchAction\",\"target\":{\"@type\":\"EntryPoint\",\"urlTemplate\":\"https:\\\/\\\/www.mareldarkitektur.se\\\/?s={search_term_string}\"},\"query-input\":{\"@type\":\"PropertyValueSpecification\",\"valueRequired\":true,\"valueName\":\"search_term_string\"}}],\"inLanguage\":\"sv-SE\"}]}<\/script>\n<!-- \/ Yoast SEO plugin. -->","yoast_head_json":{"title":"Intervju med Oskar om ett breddat MARELD - Mareldarkitektur","robots":{"index":"index","follow":"follow","max-snippet":"max-snippet:-1","max-image-preview":"max-image-preview:large","max-video-preview":"max-video-preview:-1"},"canonical":"https:\/\/www.mareldarkitektur.se\/sv\/nyheter\/en-battre-helhet\/","og_locale":"sv_SE","og_type":"article","og_title":"Intervju med Oskar om ett breddat MARELD - Mareldarkitektur","og_description":"L\u00e4s intervju med Oskar, han ber\u00e4ttar om allt sp\u00e4nnande som h\u00e4nder p\u00e5 MARELD just nu!","og_url":"https:\/\/www.mareldarkitektur.se\/sv\/nyheter\/en-battre-helhet\/","og_site_name":"Mareldarkitektur","article_modified_time":"2024-01-26T13:22:33+00:00","twitter_card":"summary_large_image","twitter_misc":{"Ber\u00e4knad l\u00e4stid":"1 minut"},"schema":{"@context":"https:\/\/schema.org","@graph":[{"@type":"WebPage","@id":"https:\/\/www.mareldarkitektur.se\/news\/en-battre-helhet\/","url":"https:\/\/www.mareldarkitektur.se\/news\/en-battre-helhet\/","name":"Intervju med Oskar om ett breddat MARELD - Mareldarkitektur","isPartOf":{"@id":"https:\/\/www.mareldarkitektur.se\/#website"},"datePublished":"2024-01-12T16:47:32+00:00","dateModified":"2024-01-26T13:22:33+00:00","breadcrumb":{"@id":"https:\/\/www.mareldarkitektur.se\/news\/en-battre-helhet\/#breadcrumb"},"inLanguage":"sv-SE","potentialAction":[{"@type":"ReadAction","target":["https:\/\/www.mareldarkitektur.se\/news\/en-battre-helhet\/"]}]},{"@type":"BreadcrumbList","@id":"https:\/\/www.mareldarkitektur.se\/news\/en-battre-helhet\/#breadcrumb","itemListElement":[{"@type":"ListItem","position":1,"name":"Home","item":"https:\/\/www.mareldarkitektur.se\/"},{"@type":"ListItem","position":2,"name":"News","item":"https:\/\/www.mareldarkitektur.se\/news\/"},{"@type":"ListItem","position":3,"name":"Intervju med Oskar om ett breddat MARELD"}]},{"@type":"WebSite","@id":"https:\/\/www.mareldarkitektur.se\/#website","url":"https:\/\/www.mareldarkitektur.se\/","name":"Mareldarkitektur","description":"Vi arbetar med projekt i olika skalor, i flera l\u00e4nder - men alltid med samma passion och engagemang. H\u00e4r \u00e4r ett urval av dem som vi \u00e4r mest stolta \u00f6ver.","potentialAction":[{"@type":"SearchAction","target":{"@type":"EntryPoint","urlTemplate":"https:\/\/www.mareldarkitektur.se\/?s={search_term_string}"},"query-input":{"@type":"PropertyValueSpecification","valueRequired":true,"valueName":"search_term_string"}}],"inLanguage":"sv-SE"}]}},"_links":{"self":[{"href":"https:\/\/www.mareldarkitektur.se\/sv\/wp-json\/wp\/v2\/news\/1191","targetHints":{"allow":["GET"]}}],"collection":[{"href":"https:\/\/www.mareldarkitektur.se\/sv\/wp-json\/wp\/v2\/news"}],"about":[{"href":"https:\/\/www.mareldarkitektur.se\/sv\/wp-json\/wp\/v2\/types\/news"}],"wp:attachment":[{"href":"https:\/\/www.mareldarkitektur.se\/sv\/wp-json\/wp\/v2\/media?parent=1191"}],"wp:term":[{"taxonomy":"category","embeddable":true,"href":"https:\/\/www.mareldarkitektur.se\/sv\/wp-json\/wp\/v2\/categories?post=1191"}],"curies":[{"name":"wp","href":"https:\/\/api.w.org\/{rel}","templated":true}]}}